{"id":834,"date":"2011-12-21T08:00:56","date_gmt":"2011-12-21T06:00:56","guid":{"rendered":"http:\/\/skarr.de\/?p=834"},"modified":"2012-05-23T07:58:09","modified_gmt":"2012-05-23T05:58:09","slug":"einundzwanzig-landflucht","status":"publish","type":"post","link":"http:\/\/skarr.de\/?p=834","title":{"rendered":"einundzwanzig: landflucht"},"content":{"rendered":"<p><a href=\"http:\/\/skarr.de\/wordpress\/wp-content\/uploads\/2011\/12\/cuandixia1.jpg\" rel=\"lightbox[834]\"><img decoding=\"async\" loading=\"lazy\" class=\"aligncenter size-full wp-image-835\" title=\"cuandixia1\" src=\"http:\/\/skarr.de\/wordpress\/wp-content\/uploads\/2011\/12\/cuandixia1.jpg\" alt=\"\" width=\"800\" height=\"536\" srcset=\"http:\/\/skarr.de\/wordpress\/wp-content\/uploads\/2011\/12\/cuandixia1.jpg 800w, http:\/\/skarr.de\/wordpress\/wp-content\/uploads\/2011\/12\/cuandixia1-300x201.jpg 300w\" sizes=\"(max-width: 800px) 100vw, 800px\" \/><\/a><\/p>\n<p>Meinen ersten Tag in Peking habe ich nicht in der Innenstadt, sondern in den Au\u00dfenbezirken verbracht. Ein paar ausl\u00e4ndische Kollegen wollten nach Cuandixia fahren, ein Dorf im \u00e4u\u00dfersten Westen des Stadtgebiets. Und da ich schon ziemlich fr\u00fch wach war, habe ich mich einfach drangeh\u00e4ngt.<\/p>\n<p>Mit einem \u00dcberlandbus sind wir mehr als zwei Stunden durch die malerischen Westberge gekurvt, bis wir in Cuandixia angekommen sind. Aber die lange Fahrt hat sich gelohnt. In einem schmalen Tal dr\u00e4ngen sich alte H\u00e4user, deren W\u00e4nden immer noch viele gut erhaltene alte politische Slogans und Wandgem\u00e4lde mit Lebenstips zieren. Man f\u00fchlt sich fast, wie auf einer Zeitreise.<\/p>\n","protected":false},"excerpt":{"rendered":"<p>Meinen ersten Tag in Peking habe ich nicht in der Innenstadt, sondern in den Au\u00dfenbezirken verbracht. Ein paar ausl\u00e4ndische Kollegen wollten nach Cuandixia fahren, ein Dorf im \u00e4u\u00dfersten Westen des Stadtgebiets. Und da ich schon ziemlich fr\u00fch wach war, habe &hellip; <a href=\"http:\/\/skarr.de\/?p=834\">Weiterlesen <span class=\"meta-nav\">&rarr;<\/span><\/a><\/p>\n","protected":false},"author":1,"featured_media":0,"comment_status":"open","ping_status":"closed","sticky":false,"template":"","format":"standard","meta":[],"categories":[6,4],"tags":[],"_links":{"self":[{"href":"http:\/\/skarr.de\/index.php?rest_route=\/wp\/v2\/posts\/834"}],"collection":[{"href":"http:\/\/skarr.de\/index.php?rest_route=\/wp\/v2\/posts"}],"about":[{"href":"http:\/\/skarr.de\/index.php?rest_route=\/wp\/v2\/types\/post"}],"author":[{"embeddable":true,"href":"http:\/\/skarr.de\/index.php?rest_route=\/wp\/v2\/users\/1"}],"replies":[{"embeddable":true,"href":"http:\/\/skarr.de\/index.php?rest_route=%2Fwp%2Fv2%2Fcomments&post=834"}],"version-history":[{"count":8,"href":"http:\/\/skarr.de\/index.php?rest_route=\/wp\/v2\/posts\/834\/revisions"}],"predecessor-version":[{"id":968,"href":"http:\/\/skarr.de\/index.php?rest_route=\/wp\/v2\/posts\/834\/revisions\/968"}],"wp:attachment":[{"href":"http:\/\/skarr.de\/index.php?rest_route=%2Fwp%2Fv2%2Fmedia&parent=834"}],"wp:term":[{"taxonomy":"category","embeddable":true,"href":"http:\/\/skarr.de\/index.php?rest_route=%2Fwp%2Fv2%2Fcategories&post=834"},{"taxonomy":"post_tag","embeddable":true,"href":"http:\/\/skarr.de\/index.php?rest_route=%2Fwp%2Fv2%2Ftags&post=834"}],"curies":[{"name":"wp","href":"https:\/\/api.w.org\/{rel}","templated":true}]}}