{"id":671,"date":"2011-11-01T05:22:44","date_gmt":"2011-11-01T03:22:44","guid":{"rendered":"http:\/\/skarr.de\/?p=671"},"modified":"2012-05-23T08:38:47","modified_gmt":"2012-05-23T06:38:47","slug":"pekinger-luft","status":"publish","type":"post","link":"http:\/\/skarr.de\/?p=671","title":{"rendered":"pekinger luft"},"content":{"rendered":"<p style=\"text-align: center;\"><a href=\"http:\/\/skarr.de\/wordpress\/wp-content\/uploads\/2011\/11\/klarer_himmel.jpg\" rel=\"lightbox[671]\"><img decoding=\"async\" loading=\"lazy\" class=\"aligncenter size-full wp-image-685\" title=\"klarer_himmel\" src=\"http:\/\/skarr.de\/wordpress\/wp-content\/uploads\/2011\/11\/klarer_himmel.jpg\" alt=\"\" width=\"800\" height=\"536\" srcset=\"http:\/\/skarr.de\/wordpress\/wp-content\/uploads\/2011\/11\/klarer_himmel.jpg 800w, http:\/\/skarr.de\/wordpress\/wp-content\/uploads\/2011\/11\/klarer_himmel-300x201.jpg 300w\" sizes=\"(max-width: 800px) 100vw, 800px\" \/><\/a><br \/>\n<a href=\"http:\/\/skarr.de\/wordpress\/wp-content\/uploads\/2011\/11\/smog.jpg\" rel=\"lightbox[671]\"><img decoding=\"async\" loading=\"lazy\" class=\"aligncenter size-full wp-image-673\" title=\"smog\" src=\"http:\/\/skarr.de\/wordpress\/wp-content\/uploads\/2011\/11\/smog.jpg\" alt=\"\" width=\"800\" height=\"536\" srcset=\"http:\/\/skarr.de\/wordpress\/wp-content\/uploads\/2011\/11\/smog.jpg 800w, http:\/\/skarr.de\/wordpress\/wp-content\/uploads\/2011\/11\/smog-300x201.jpg 300w\" sizes=\"(max-width: 800px) 100vw, 800px\" \/><\/a><\/p>\n<p>Man h\u00f6rt ja immer viel vom Pekinger Smog. Hier ein Beispiel, aufgenommen aus meinem Schlafzimmerfenster. Seit f\u00fcnf Tagen ist die Luft hier zum Schneiden. Beim Einatmen hat man das Gef\u00fchl, eine Ladung Sand im Mund zu haben. Hoffentlich f\u00e4ngt bald das klare Winterwetter an&#8230;<\/p>\n","protected":false},"excerpt":{"rendered":"<p>Man h\u00f6rt ja immer viel vom Pekinger Smog. Hier ein Beispiel, aufgenommen aus meinem Schlafzimmerfenster. Seit f\u00fcnf Tagen ist die Luft hier zum Schneiden. Beim Einatmen hat man das Gef\u00fchl, eine Ladung Sand im Mund zu haben. Hoffentlich f\u00e4ngt bald &hellip; <a href=\"http:\/\/skarr.de\/?p=671\">Weiterlesen <span class=\"meta-nav\">&rarr;<\/span><\/a><\/p>\n","protected":false},"author":1,"featured_media":0,"comment_status":"closed","ping_status":"closed","sticky":false,"template":"","format":"standard","meta":[],"categories":[6],"tags":[],"_links":{"self":[{"href":"http:\/\/skarr.de\/index.php?rest_route=\/wp\/v2\/posts\/671"}],"collection":[{"href":"http:\/\/skarr.de\/index.php?rest_route=\/wp\/v2\/posts"}],"about":[{"href":"http:\/\/skarr.de\/index.php?rest_route=\/wp\/v2\/types\/post"}],"author":[{"embeddable":true,"href":"http:\/\/skarr.de\/index.php?rest_route=\/wp\/v2\/users\/1"}],"replies":[{"embeddable":true,"href":"http:\/\/skarr.de\/index.php?rest_route=%2Fwp%2Fv2%2Fcomments&post=671"}],"version-history":[{"count":19,"href":"http:\/\/skarr.de\/index.php?rest_route=\/wp\/v2\/posts\/671\/revisions"}],"predecessor-version":[{"id":1007,"href":"http:\/\/skarr.de\/index.php?rest_route=\/wp\/v2\/posts\/671\/revisions\/1007"}],"wp:attachment":[{"href":"http:\/\/skarr.de\/index.php?rest_route=%2Fwp%2Fv2%2Fmedia&parent=671"}],"wp:term":[{"taxonomy":"category","embeddable":true,"href":"http:\/\/skarr.de\/index.php?rest_route=%2Fwp%2Fv2%2Fcategories&post=671"},{"taxonomy":"post_tag","embeddable":true,"href":"http:\/\/skarr.de\/index.php?rest_route=%2Fwp%2Fv2%2Ftags&post=671"}],"curies":[{"name":"wp","href":"https:\/\/api.w.org\/{rel}","templated":true}]}}