{"id":546,"date":"2011-08-20T08:20:49","date_gmt":"2011-08-20T06:20:49","guid":{"rendered":"http:\/\/skarr.de\/?p=546"},"modified":"2012-05-23T08:42:30","modified_gmt":"2012-05-23T06:42:30","slug":"sitzung","status":"publish","type":"post","link":"http:\/\/skarr.de\/?p=546","title":{"rendered":"nimm platz, genosse"},"content":{"rendered":"\n\t\t<style type=\"text\/css\">\n\t\t\t#gallery-1 {\n\t\t\t\tmargin: auto;\n\t\t\t}\n\t\t\t#gallery-1 .gallery-item {\n\t\t\t\tfloat: left;\n\t\t\t\tmargin-top: 10px;\n\t\t\t\ttext-align: center;\n\t\t\t\twidth: 33%;\n\t\t\t}\n\t\t\t#gallery-1 img {\n\t\t\t\tborder: 2px solid #cfcfcf;\n\t\t\t}\n\t\t\t#gallery-1 .gallery-caption {\n\t\t\t\tmargin-left: 0;\n\t\t\t}\n\t\t\t\/* see gallery_shortcode() in wp-includes\/media.php *\/\n\t\t<\/style>\n\t\t<div id='gallery-1' class='gallery galleryid-546 gallery-columns-3 gallery-size-thumbnail'><dl class='gallery-item'>\n\t\t\t<dt class='gallery-icon landscape'>\n\t\t\t\t<a href='http:\/\/skarr.de\/wordpress\/wp-content\/uploads\/2011\/08\/stuhl_schule.jpg' rel=\"lightbox[546]\"><img width=\"150\" height=\"150\" src=\"http:\/\/skarr.de\/wordpress\/wp-content\/uploads\/2011\/08\/stuhl_schule-e1313820318351-150x150.jpg\" class=\"attachment-thumbnail size-thumbnail\" alt=\"\" decoding=\"async\" loading=\"lazy\" \/><\/a>\n\t\t\t<\/dt><\/dl><dl class='gallery-item'>\n\t\t\t<dt class='gallery-icon landscape'>\n\t\t\t\t<a href='http:\/\/skarr.de\/wordpress\/wp-content\/uploads\/2011\/08\/hocker_bandrot.jpg' rel=\"lightbox[546]\"><img width=\"150\" height=\"150\" src=\"http:\/\/skarr.de\/wordpress\/wp-content\/uploads\/2011\/08\/hocker_bandrot-e1313819559231-150x150.jpg\" class=\"attachment-thumbnail size-thumbnail\" alt=\"\" decoding=\"async\" loading=\"lazy\" \/><\/a>\n\t\t\t<\/dt><\/dl><dl class='gallery-item'>\n\t\t\t<dt class='gallery-icon landscape'>\n\t\t\t\t<a href='http:\/\/skarr.de\/wordpress\/wp-content\/uploads\/2011\/08\/hocker_bandbreitgrau.jpg' rel=\"lightbox[546]\"><img width=\"150\" height=\"150\" src=\"http:\/\/skarr.de\/wordpress\/wp-content\/uploads\/2011\/08\/hocker_bandbreitgrau-e1313819479353-150x150.jpg\" class=\"attachment-thumbnail size-thumbnail\" alt=\"\" decoding=\"async\" loading=\"lazy\" \/><\/a>\n\t\t\t<\/dt><\/dl><br style=\"clear: both\" \/><dl class='gallery-item'>\n\t\t\t<dt class='gallery-icon landscape'>\n\t\t\t\t<a href='http:\/\/skarr.de\/wordpress\/wp-content\/uploads\/2011\/08\/hocker_rundrot.jpg' rel=\"lightbox[546]\"><img width=\"150\" height=\"150\" src=\"http:\/\/skarr.de\/wordpress\/wp-content\/uploads\/2011\/08\/hocker_rundrot-e1313819856396-150x150.jpg\" class=\"attachment-thumbnail size-thumbnail\" alt=\"\" decoding=\"async\" loading=\"lazy\" \/><\/a>\n\t\t\t<\/dt><\/dl><dl class='gallery-item'>\n\t\t\t<dt class='gallery-icon portrait'>\n\t\t\t\t<a href='http:\/\/skarr.de\/wordpress\/wp-content\/uploads\/2011\/08\/hockerensemble_bunt.jpg' rel=\"lightbox[546]\"><img width=\"150\" height=\"150\" src=\"http:\/\/skarr.de\/wordpress\/wp-content\/uploads\/2011\/08\/hockerensemble_bunt-150x150.jpg\" class=\"attachment-thumbnail size-thumbnail\" alt=\"\" decoding=\"async\" loading=\"lazy\" \/><\/a>\n\t\t\t<\/dt><\/dl><dl class='gallery-item'>\n\t\t\t<dt class='gallery-icon landscape'>\n\t\t\t\t<a href='http:\/\/skarr.de\/wordpress\/wp-content\/uploads\/2011\/08\/hocker_bandrosa.jpg' rel=\"lightbox[546]\"><img width=\"150\" height=\"150\" src=\"http:\/\/skarr.de\/wordpress\/wp-content\/uploads\/2011\/08\/hocker_bandrosa-e1313819411327-150x150.jpg\" class=\"attachment-thumbnail size-thumbnail\" alt=\"\" decoding=\"async\" loading=\"lazy\" \/><\/a>\n\t\t\t<\/dt><\/dl><br style=\"clear: both\" \/><dl class='gallery-item'>\n\t\t\t<dt class='gallery-icon landscape'>\n\t\t\t\t<a href='http:\/\/skarr.de\/wordpress\/wp-content\/uploads\/2011\/08\/hocker_rechteckgruen.jpg' rel=\"lightbox[546]\"><img width=\"150\" height=\"150\" src=\"http:\/\/skarr.de\/wordpress\/wp-content\/uploads\/2011\/08\/hocker_rechteckgruen-e1313819798484-150x150.jpg\" class=\"attachment-thumbnail size-thumbnail\" alt=\"\" decoding=\"async\" loading=\"lazy\" \/><\/a>\n\t\t\t<\/dt><\/dl><dl class='gallery-item'>\n\t\t\t<dt class='gallery-icon landscape'>\n\t\t\t\t<a href='http:\/\/skarr.de\/wordpress\/wp-content\/uploads\/2011\/08\/hocker_quadratrot.jpg' rel=\"lightbox[546]\"><img width=\"150\" height=\"150\" src=\"http:\/\/skarr.de\/wordpress\/wp-content\/uploads\/2011\/08\/hocker_quadratrot-e1313819748844-150x150.jpg\" class=\"attachment-thumbnail size-thumbnail\" alt=\"\" decoding=\"async\" loading=\"lazy\" \/><\/a>\n\t\t\t<\/dt><\/dl><dl class='gallery-item'>\n\t\t\t<dt class='gallery-icon portrait'>\n\t\t\t\t<a href='http:\/\/skarr.de\/wordpress\/wp-content\/uploads\/2011\/08\/sessel_blau.jpg' rel=\"lightbox[546]\"><img width=\"150\" height=\"150\" src=\"http:\/\/skarr.de\/wordpress\/wp-content\/uploads\/2011\/08\/sessel_blau-e1313820080817-150x150.jpg\" class=\"attachment-thumbnail size-thumbnail\" alt=\"\" decoding=\"async\" loading=\"lazy\" \/><\/a>\n\t\t\t<\/dt><\/dl><br style=\"clear: both\" \/><dl class='gallery-item'>\n\t\t\t<dt class='gallery-icon landscape'>\n\t\t\t\t<a href='http:\/\/skarr.de\/wordpress\/wp-content\/uploads\/2011\/08\/hocker_packbandweiss.jpg' rel=\"lightbox[546]\"><img width=\"150\" height=\"150\" src=\"http:\/\/skarr.de\/wordpress\/wp-content\/uploads\/2011\/08\/hocker_packbandweiss-e1313819682715-150x150.jpg\" class=\"attachment-thumbnail size-thumbnail\" alt=\"\" decoding=\"async\" loading=\"lazy\" \/><\/a>\n\t\t\t<\/dt><\/dl><dl class='gallery-item'>\n\t\t\t<dt class='gallery-icon portrait'>\n\t\t\t\t<a href='http:\/\/skarr.de\/wordpress\/wp-content\/uploads\/2011\/08\/sessel_fusselrot.jpg' rel=\"lightbox[546]\"><img width=\"150\" height=\"150\" src=\"http:\/\/skarr.de\/wordpress\/wp-content\/uploads\/2011\/08\/sessel_fusselrot-e1313822089596-150x150.jpg\" class=\"attachment-thumbnail size-thumbnail\" alt=\"\" decoding=\"async\" loading=\"lazy\" \/><\/a>\n\t\t\t<\/dt><\/dl><dl class='gallery-item'>\n\t\t\t<dt class='gallery-icon portrait'>\n\t\t\t\t<a href='http:\/\/skarr.de\/wordpress\/wp-content\/uploads\/2011\/08\/stuhl_loch.jpg' rel=\"lightbox[546]\"><img width=\"150\" height=\"150\" src=\"http:\/\/skarr.de\/wordpress\/wp-content\/uploads\/2011\/08\/stuhl_loch-150x150.jpg\" class=\"attachment-thumbnail size-thumbnail\" alt=\"\" decoding=\"async\" loading=\"lazy\" \/><\/a>\n\t\t\t<\/dt><\/dl><br style=\"clear: both\" \/>\n\t\t<\/div>\n\n<p>In Peking sitzt man gerne. An Stra\u00dfenecken, in Hauseing\u00e4ngen, auf dem B\u00fcrgersteig und auch sonst \u00fcberall, wo sich die Gelegenheit bietet. Die Sitzgelegenheiten sind genauso unterschiedlich, wie die Orte. Manchmal notd\u00fcrftig geflickt, manchmal improvisiert, manchmal ausrangiert. Hauptsache, man sitzt gut.<\/p>\n","protected":false},"excerpt":{"rendered":"<p>In Peking sitzt man gerne. An Stra\u00dfenecken, in Hauseing\u00e4ngen, auf dem B\u00fcrgersteig und auch sonst \u00fcberall, wo sich die Gelegenheit bietet. Die Sitzgelegenheiten sind genauso unterschiedlich, wie die Orte. Manchmal notd\u00fcrftig geflickt, manchmal improvisiert, manchmal ausrangiert. Hauptsache, man sitzt gut.<\/p>\n","protected":false},"author":1,"featured_media":0,"comment_status":"closed","ping_status":"closed","sticky":false,"template":"","format":"standard","meta":[],"categories":[6,4],"tags":[],"_links":{"self":[{"href":"http:\/\/skarr.de\/index.php?rest_route=\/wp\/v2\/posts\/546"}],"collection":[{"href":"http:\/\/skarr.de\/index.php?rest_route=\/wp\/v2\/posts"}],"about":[{"href":"http:\/\/skarr.de\/index.php?rest_route=\/wp\/v2\/types\/post"}],"author":[{"embeddable":true,"href":"http:\/\/skarr.de\/index.php?rest_route=\/wp\/v2\/users\/1"}],"replies":[{"embeddable":true,"href":"http:\/\/skarr.de\/index.php?rest_route=%2Fwp%2Fv2%2Fcomments&post=546"}],"version-history":[{"count":11,"href":"http:\/\/skarr.de\/index.php?rest_route=\/wp\/v2\/posts\/546\/revisions"}],"predecessor-version":[{"id":1011,"href":"http:\/\/skarr.de\/index.php?rest_route=\/wp\/v2\/posts\/546\/revisions\/1011"}],"wp:attachment":[{"href":"http:\/\/skarr.de\/index.php?rest_route=%2Fwp%2Fv2%2Fmedia&parent=546"}],"wp:term":[{"taxonomy":"category","embeddable":true,"href":"http:\/\/skarr.de\/index.php?rest_route=%2Fwp%2Fv2%2Fcategories&post=546"},{"taxonomy":"post_tag","embeddable":true,"href":"http:\/\/skarr.de\/index.php?rest_route=%2Fwp%2Fv2%2Ftags&post=546"}],"curies":[{"name":"wp","href":"https:\/\/api.w.org\/{rel}","templated":true}]}}