{"id":435,"date":"2011-01-17T05:43:59","date_gmt":"2011-01-17T03:43:59","guid":{"rendered":"http:\/\/skarr.de\/?p=435"},"modified":"2012-05-23T08:43:26","modified_gmt":"2012-05-23T06:43:26","slug":"stoffmarkt-in-peking","status":"publish","type":"post","link":"http:\/\/skarr.de\/?p=435","title":{"rendered":"stoffmarkt in peking"},"content":{"rendered":"<p><span style=\"font-size: small;\">\n\t\t<style type=\"text\/css\">\n\t\t\t#gallery-1 {\n\t\t\t\tmargin: auto;\n\t\t\t}\n\t\t\t#gallery-1 .gallery-item {\n\t\t\t\tfloat: left;\n\t\t\t\tmargin-top: 10px;\n\t\t\t\ttext-align: center;\n\t\t\t\twidth: 33%;\n\t\t\t}\n\t\t\t#gallery-1 img {\n\t\t\t\tborder: 2px solid #cfcfcf;\n\t\t\t}\n\t\t\t#gallery-1 .gallery-caption {\n\t\t\t\tmargin-left: 0;\n\t\t\t}\n\t\t\t\/* see gallery_shortcode() in wp-includes\/media.php *\/\n\t\t<\/style>\n\t\t<div id='gallery-1' class='gallery galleryid-435 gallery-columns-3 gallery-size-thumbnail'><dl class='gallery-item'>\n\t\t\t<dt class='gallery-icon portrait'>\n\t\t\t\t<a href='http:\/\/skarr.de\/wordpress\/wp-content\/uploads\/2011\/01\/gang_stoffmarkt1.jpg' rel=\"lightbox[435]\"><img width=\"150\" height=\"150\" src=\"http:\/\/skarr.de\/wordpress\/wp-content\/uploads\/2011\/01\/gang_stoffmarkt1-150x150.jpg\" class=\"attachment-thumbnail size-thumbnail\" alt=\"\" decoding=\"async\" loading=\"lazy\" \/><\/a>\n\t\t\t<\/dt><\/dl><dl class='gallery-item'>\n\t\t\t<dt class='gallery-icon landscape'>\n\t\t\t\t<a href='http:\/\/skarr.de\/wordpress\/wp-content\/uploads\/2011\/01\/stuehle.jpg' rel=\"lightbox[435]\"><img width=\"150\" height=\"150\" src=\"http:\/\/skarr.de\/wordpress\/wp-content\/uploads\/2011\/01\/stuehle-150x150.jpg\" class=\"attachment-thumbnail size-thumbnail\" alt=\"\" decoding=\"async\" loading=\"lazy\" \/><\/a>\n\t\t\t<\/dt><\/dl><dl class='gallery-item'>\n\t\t\t<dt class='gallery-icon portrait'>\n\t\t\t\t<a href='http:\/\/skarr.de\/wordpress\/wp-content\/uploads\/2011\/01\/laden_innen.jpg' rel=\"lightbox[435]\"><img width=\"150\" height=\"150\" src=\"http:\/\/skarr.de\/wordpress\/wp-content\/uploads\/2011\/01\/laden_innen-150x150.jpg\" class=\"attachment-thumbnail size-thumbnail\" alt=\"\" decoding=\"async\" loading=\"lazy\" \/><\/a>\n\t\t\t<\/dt><\/dl><br style=\"clear: both\" \/><dl class='gallery-item'>\n\t\t\t<dt class='gallery-icon landscape'>\n\t\t\t\t<a href='http:\/\/skarr.de\/wordpress\/wp-content\/uploads\/2011\/01\/froehliche_puppen.jpg' rel=\"lightbox[435]\"><img width=\"150\" height=\"150\" src=\"http:\/\/skarr.de\/wordpress\/wp-content\/uploads\/2011\/01\/froehliche_puppen-150x150.jpg\" class=\"attachment-thumbnail size-thumbnail\" alt=\"\" decoding=\"async\" loading=\"lazy\" \/><\/a>\n\t\t\t<\/dt><\/dl><dl class='gallery-item'>\n\t\t\t<dt class='gallery-icon portrait'>\n\t\t\t\t<a href='http:\/\/skarr.de\/wordpress\/wp-content\/uploads\/2011\/01\/gang_stoffmarkt2.jpg' rel=\"lightbox[435]\"><img width=\"150\" height=\"150\" src=\"http:\/\/skarr.de\/wordpress\/wp-content\/uploads\/2011\/01\/gang_stoffmarkt2-150x150.jpg\" class=\"attachment-thumbnail size-thumbnail\" alt=\"\" decoding=\"async\" loading=\"lazy\" \/><\/a>\n\t\t\t<\/dt><\/dl><dl class='gallery-item'>\n\t\t\t<dt class='gallery-icon portrait'>\n\t\t\t\t<a href='http:\/\/skarr.de\/wordpress\/wp-content\/uploads\/2011\/01\/feuerschlauch.jpg' rel=\"lightbox[435]\"><img width=\"150\" height=\"150\" src=\"http:\/\/skarr.de\/wordpress\/wp-content\/uploads\/2011\/01\/feuerschlauch-150x150.jpg\" class=\"attachment-thumbnail size-thumbnail\" alt=\"\" decoding=\"async\" loading=\"lazy\" \/><\/a>\n\t\t\t<\/dt><\/dl><br style=\"clear: both\" \/>\n\t\t<\/div>\n<\/p>\n<p><\/span><\/p>\n<p>&nbsp;<\/p>\n<p>Mitte Dezember bin ich mit Any, einer Kollegin aus der franz\u00f6sischen Abteilung in den Pekinger Norden gefahren. Sie hatte geh\u00f6rt, dass es dort einen Stoffmarkt geben soll, auf dem alles sehr billig verkauft wird. Und sie hatte recht.<\/p>\n<p>Nach einer halben Weltreise aus dem Westen der Stadt in den Norden, mitten im Wochenendverkehr, sind wir endlich dort. In einem gro\u00dfen f\u00fcnfst\u00f6ckigen Haus befinden sich Massen von Stoffl\u00e4den. Dicht dr\u00e4ngen sich in langen G\u00e4ngen die kleinen Gesch\u00e4fte aneinander. Manche sind nur 5\u201310 Quadratmeter gro\u00df. Wenn man sich umdrehen will, muss man aufpassen, dass man nicht aus Versehen eine Schaufensterpuppe umrei\u00dft. \u00dcberall herrscht gesch\u00e4ftiges Treiben und es wird gehandelt, wie auf einem Basar.\u00a0Obwohl die L\u00e4den teilweise sehr klein sind, findet man hier alles, was das Schneiderherz begehrt. Nicht nur bunte Seide, weichen Kaschmir oder bedruckte Baumwollstoffe, sondern auch Kurzwaren in jeder Form. Das beste ist, dass man sich Kleider schneidern und Pullover stricken lassen kann. Man wird vermessen, sucht sich Stoff oder Wolle aus und kann die fertigen Sachen nach ein bis zwei Wochen abholen.<\/p>\n<p>Ich habe dann auch gleich zugeschlagen und einen Baumwollstoff f\u00fcr Susi von der kinderzimmercompany mitgenommen. Mal schauen, was sie daraus macht.<\/p>\n","protected":false},"excerpt":{"rendered":"<p>&nbsp; Mitte Dezember bin ich mit Any, einer Kollegin aus der franz\u00f6sischen Abteilung in den Pekinger Norden gefahren. Sie hatte geh\u00f6rt, dass es dort einen Stoffmarkt geben soll, auf dem alles sehr billig verkauft wird. Und sie hatte recht. Nach &hellip; <a href=\"http:\/\/skarr.de\/?p=435\">Weiterlesen <span class=\"meta-nav\">&rarr;<\/span><\/a><\/p>\n","protected":false},"author":1,"featured_media":0,"comment_status":"closed","ping_status":"closed","sticky":false,"template":"","format":"standard","meta":[],"categories":[6],"tags":[],"_links":{"self":[{"href":"http:\/\/skarr.de\/index.php?rest_route=\/wp\/v2\/posts\/435"}],"collection":[{"href":"http:\/\/skarr.de\/index.php?rest_route=\/wp\/v2\/posts"}],"about":[{"href":"http:\/\/skarr.de\/index.php?rest_route=\/wp\/v2\/types\/post"}],"author":[{"embeddable":true,"href":"http:\/\/skarr.de\/index.php?rest_route=\/wp\/v2\/users\/1"}],"replies":[{"embeddable":true,"href":"http:\/\/skarr.de\/index.php?rest_route=%2Fwp%2Fv2%2Fcomments&post=435"}],"version-history":[{"count":9,"href":"http:\/\/skarr.de\/index.php?rest_route=\/wp\/v2\/posts\/435\/revisions"}],"predecessor-version":[{"id":1012,"href":"http:\/\/skarr.de\/index.php?rest_route=\/wp\/v2\/posts\/435\/revisions\/1012"}],"wp:attachment":[{"href":"http:\/\/skarr.de\/index.php?rest_route=%2Fwp%2Fv2%2Fmedia&parent=435"}],"wp:term":[{"taxonomy":"category","embeddable":true,"href":"http:\/\/skarr.de\/index.php?rest_route=%2Fwp%2Fv2%2Fcategories&post=435"},{"taxonomy":"post_tag","embeddable":true,"href":"http:\/\/skarr.de\/index.php?rest_route=%2Fwp%2Fv2%2Ftags&post=435"}],"curies":[{"name":"wp","href":"https:\/\/api.w.org\/{rel}","templated":true}]}}