{"id":3719,"date":"2020-02-03T12:32:17","date_gmt":"2020-02-03T10:32:17","guid":{"rendered":"http:\/\/skarr.de\/?p=3719"},"modified":"2020-02-03T12:32:17","modified_gmt":"2020-02-03T10:32:17","slug":"aksum","status":"publish","type":"post","link":"http:\/\/skarr.de\/?p=3719","title":{"rendered":"aksum"},"content":{"rendered":"<p><a href=\"http:\/\/skarr.de\/wordpress\/wp-content\/uploads\/2020\/02\/aksum_abgeholt.jpg\" rel=\"lightbox[3719]\"><img decoding=\"async\" loading=\"lazy\" class=\"aligncenter size-full wp-image-3667\" src=\"http:\/\/skarr.de\/wordpress\/wp-content\/uploads\/2020\/02\/aksum_abgeholt.jpg\" alt=\"\" width=\"1425\" height=\"951\" srcset=\"http:\/\/skarr.de\/wordpress\/wp-content\/uploads\/2020\/02\/aksum_abgeholt.jpg 1425w, http:\/\/skarr.de\/wordpress\/wp-content\/uploads\/2020\/02\/aksum_abgeholt-300x200.jpg 300w, http:\/\/skarr.de\/wordpress\/wp-content\/uploads\/2020\/02\/aksum_abgeholt-768x513.jpg 768w, http:\/\/skarr.de\/wordpress\/wp-content\/uploads\/2020\/02\/aksum_abgeholt-1024x683.jpg 1024w\" sizes=\"(max-width: 1425px) 100vw, 1425px\" \/><\/a><a href=\"http:\/\/skarr.de\/wordpress\/wp-content\/uploads\/2020\/02\/aksum_tuktuks.jpg\" rel=\"lightbox[3719]\"><img decoding=\"async\" loading=\"lazy\" class=\"aligncenter size-full wp-image-3701\" src=\"http:\/\/skarr.de\/wordpress\/wp-content\/uploads\/2020\/02\/aksum_tuktuks.jpg\" alt=\"\" width=\"1428\" height=\"954\" srcset=\"http:\/\/skarr.de\/wordpress\/wp-content\/uploads\/2020\/02\/aksum_tuktuks.jpg 1428w, http:\/\/skarr.de\/wordpress\/wp-content\/uploads\/2020\/02\/aksum_tuktuks-300x200.jpg 300w, http:\/\/skarr.de\/wordpress\/wp-content\/uploads\/2020\/02\/aksum_tuktuks-768x513.jpg 768w, http:\/\/skarr.de\/wordpress\/wp-content\/uploads\/2020\/02\/aksum_tuktuks-1024x684.jpg 1024w\" sizes=\"(max-width: 1428px) 100vw, 1428px\" \/><\/a> <a href=\"http:\/\/skarr.de\/wordpress\/wp-content\/uploads\/2020\/02\/aksum_frauenparade.jpg\" rel=\"lightbox[3719]\"><img decoding=\"async\" loading=\"lazy\" class=\"aligncenter size-full wp-image-3676\" src=\"http:\/\/skarr.de\/wordpress\/wp-content\/uploads\/2020\/02\/aksum_frauenparade.jpg\" alt=\"\" width=\"964\" height=\"1444\" srcset=\"http:\/\/skarr.de\/wordpress\/wp-content\/uploads\/2020\/02\/aksum_frauenparade.jpg 964w, http:\/\/skarr.de\/wordpress\/wp-content\/uploads\/2020\/02\/aksum_frauenparade-200x300.jpg 200w, http:\/\/skarr.de\/wordpress\/wp-content\/uploads\/2020\/02\/aksum_frauenparade-768x1150.jpg 768w, http:\/\/skarr.de\/wordpress\/wp-content\/uploads\/2020\/02\/aksum_frauenparade-684x1024.jpg 684w\" sizes=\"(max-width: 964px) 100vw, 964px\" \/><\/a><a href=\"http:\/\/skarr.de\/wordpress\/wp-content\/uploads\/2020\/02\/aksum_traeger.jpg\" rel=\"lightbox[3719]\"><img decoding=\"async\" loading=\"lazy\" class=\"aligncenter size-full wp-image-3700\" src=\"http:\/\/skarr.de\/wordpress\/wp-content\/uploads\/2020\/02\/aksum_traeger.jpg\" alt=\"\" width=\"1325\" height=\"885\" srcset=\"http:\/\/skarr.de\/wordpress\/wp-content\/uploads\/2020\/02\/aksum_traeger.jpg 1325w, http:\/\/skarr.de\/wordpress\/wp-content\/uploads\/2020\/02\/aksum_traeger-300x200.jpg 300w, http:\/\/skarr.de\/wordpress\/wp-content\/uploads\/2020\/02\/aksum_traeger-768x513.jpg 768w, http:\/\/skarr.de\/wordpress\/wp-content\/uploads\/2020\/02\/aksum_traeger-1024x684.jpg 1024w\" sizes=\"(max-width: 1325px) 100vw, 1325px\" \/><\/a> <a href=\"http:\/\/skarr.de\/wordpress\/wp-content\/uploads\/2020\/02\/aksum_reifen.jpg\" rel=\"lightbox[3719]\"><img decoding=\"async\" loading=\"lazy\" class=\"aligncenter size-full wp-image-3687\" src=\"http:\/\/skarr.de\/wordpress\/wp-content\/uploads\/2020\/02\/aksum_reifen.jpg\" alt=\"\" width=\"1444\" height=\"964\" srcset=\"http:\/\/skarr.de\/wordpress\/wp-content\/uploads\/2020\/02\/aksum_reifen.jpg 1444w, http:\/\/skarr.de\/wordpress\/wp-content\/uploads\/2020\/02\/aksum_reifen-300x200.jpg 300w, http:\/\/skarr.de\/wordpress\/wp-content\/uploads\/2020\/02\/aksum_reifen-768x513.jpg 768w, http:\/\/skarr.de\/wordpress\/wp-content\/uploads\/2020\/02\/aksum_reifen-1024x684.jpg 1024w\" sizes=\"(max-width: 1444px) 100vw, 1444px\" \/><\/a><a href=\"http:\/\/skarr.de\/wordpress\/wp-content\/uploads\/2020\/02\/aksum_recycling.jpg\" rel=\"lightbox[3719]\"><img decoding=\"async\" loading=\"lazy\" class=\"aligncenter size-full wp-image-3686\" src=\"http:\/\/skarr.de\/wordpress\/wp-content\/uploads\/2020\/02\/aksum_recycling.jpg\" alt=\"\" width=\"964\" height=\"1444\" srcset=\"http:\/\/skarr.de\/wordpress\/wp-content\/uploads\/2020\/02\/aksum_recycling.jpg 964w, http:\/\/skarr.de\/wordpress\/wp-content\/uploads\/2020\/02\/aksum_recycling-200x300.jpg 200w, http:\/\/skarr.de\/wordpress\/wp-content\/uploads\/2020\/02\/aksum_recycling-768x1150.jpg 768w, http:\/\/skarr.de\/wordpress\/wp-content\/uploads\/2020\/02\/aksum_recycling-684x1024.jpg 684w\" sizes=\"(max-width: 964px) 100vw, 964px\" \/><\/a><a href=\"http:\/\/skarr.de\/wordpress\/wp-content\/uploads\/2020\/02\/aksum_sonnenschirm.jpg\" rel=\"lightbox[3719]\"><img decoding=\"async\" loading=\"lazy\" class=\"aligncenter size-full wp-image-3689\" src=\"http:\/\/skarr.de\/wordpress\/wp-content\/uploads\/2020\/02\/aksum_sonnenschirm.jpg\" alt=\"\" width=\"964\" height=\"1444\" srcset=\"http:\/\/skarr.de\/wordpress\/wp-content\/uploads\/2020\/02\/aksum_sonnenschirm.jpg 964w, http:\/\/skarr.de\/wordpress\/wp-content\/uploads\/2020\/02\/aksum_sonnenschirm-200x300.jpg 200w, http:\/\/skarr.de\/wordpress\/wp-content\/uploads\/2020\/02\/aksum_sonnenschirm-768x1150.jpg 768w, http:\/\/skarr.de\/wordpress\/wp-content\/uploads\/2020\/02\/aksum_sonnenschirm-684x1024.jpg 684w\" sizes=\"(max-width: 964px) 100vw, 964px\" \/><\/a><a href=\"http:\/\/skarr.de\/wordpress\/wp-content\/uploads\/2020\/02\/aksum_tankstelle.jpg\" rel=\"lightbox[3719]\"><img decoding=\"async\" loading=\"lazy\" class=\"aligncenter size-full wp-image-3697\" src=\"http:\/\/skarr.de\/wordpress\/wp-content\/uploads\/2020\/02\/aksum_tankstelle.jpg\" alt=\"\" width=\"1413\" height=\"943\" srcset=\"http:\/\/skarr.de\/wordpress\/wp-content\/uploads\/2020\/02\/aksum_tankstelle.jpg 1413w, http:\/\/skarr.de\/wordpress\/wp-content\/uploads\/2020\/02\/aksum_tankstelle-300x200.jpg 300w, http:\/\/skarr.de\/wordpress\/wp-content\/uploads\/2020\/02\/aksum_tankstelle-768x513.jpg 768w, http:\/\/skarr.de\/wordpress\/wp-content\/uploads\/2020\/02\/aksum_tankstelle-1024x683.jpg 1024w\" sizes=\"(max-width: 1413px) 100vw, 1413px\" \/><\/a> <a href=\"http:\/\/skarr.de\/wordpress\/wp-content\/uploads\/2020\/02\/aksum_stelen_1.jpg\" rel=\"lightbox[3719]\"><img decoding=\"async\" loading=\"lazy\" class=\"aligncenter size-full wp-image-3692\" src=\"http:\/\/skarr.de\/wordpress\/wp-content\/uploads\/2020\/02\/aksum_stelen_1.jpg\" alt=\"\" width=\"1444\" height=\"964\" srcset=\"http:\/\/skarr.de\/wordpress\/wp-content\/uploads\/2020\/02\/aksum_stelen_1.jpg 1444w, http:\/\/skarr.de\/wordpress\/wp-content\/uploads\/2020\/02\/aksum_stelen_1-300x200.jpg 300w, http:\/\/skarr.de\/wordpress\/wp-content\/uploads\/2020\/02\/aksum_stelen_1-768x513.jpg 768w, http:\/\/skarr.de\/wordpress\/wp-content\/uploads\/2020\/02\/aksum_stelen_1-1024x684.jpg 1024w\" sizes=\"(max-width: 1444px) 100vw, 1444px\" \/><\/a> <a href=\"http:\/\/skarr.de\/wordpress\/wp-content\/uploads\/2020\/02\/aksum_stele_gestuerzt.jpg\" rel=\"lightbox[3719]\"><img decoding=\"async\" loading=\"lazy\" class=\"aligncenter size-full wp-image-3691\" src=\"http:\/\/skarr.de\/wordpress\/wp-content\/uploads\/2020\/02\/aksum_stele_gestuerzt.jpg\" alt=\"\" width=\"1444\" height=\"964\" srcset=\"http:\/\/skarr.de\/wordpress\/wp-content\/uploads\/2020\/02\/aksum_stele_gestuerzt.jpg 1444w, http:\/\/skarr.de\/wordpress\/wp-content\/uploads\/2020\/02\/aksum_stele_gestuerzt-300x200.jpg 300w, http:\/\/skarr.de\/wordpress\/wp-content\/uploads\/2020\/02\/aksum_stele_gestuerzt-768x513.jpg 768w, http:\/\/skarr.de\/wordpress\/wp-content\/uploads\/2020\/02\/aksum_stele_gestuerzt-1024x684.jpg 1024w\" sizes=\"(max-width: 1444px) 100vw, 1444px\" \/><\/a> <a href=\"http:\/\/skarr.de\/wordpress\/wp-content\/uploads\/2020\/02\/aksum_schacht.jpg\" rel=\"lightbox[3719]\"><img decoding=\"async\" loading=\"lazy\" class=\"aligncenter size-full wp-image-3688\" src=\"http:\/\/skarr.de\/wordpress\/wp-content\/uploads\/2020\/02\/aksum_schacht.jpg\" alt=\"\" width=\"1265\" height=\"964\" srcset=\"http:\/\/skarr.de\/wordpress\/wp-content\/uploads\/2020\/02\/aksum_schacht.jpg 1265w, http:\/\/skarr.de\/wordpress\/wp-content\/uploads\/2020\/02\/aksum_schacht-300x229.jpg 300w, http:\/\/skarr.de\/wordpress\/wp-content\/uploads\/2020\/02\/aksum_schacht-768x585.jpg 768w, http:\/\/skarr.de\/wordpress\/wp-content\/uploads\/2020\/02\/aksum_schacht-1024x780.jpg 1024w\" sizes=\"(max-width: 1265px) 100vw, 1265px\" \/><\/a> <a href=\"http:\/\/skarr.de\/wordpress\/wp-content\/uploads\/2020\/02\/aksum_grab.jpg\" rel=\"lightbox[3719]\"><img decoding=\"async\" loading=\"lazy\" class=\"aligncenter size-full wp-image-3677\" src=\"http:\/\/skarr.de\/wordpress\/wp-content\/uploads\/2020\/02\/aksum_grab.jpg\" alt=\"\" width=\"893\" height=\"1340\" srcset=\"http:\/\/skarr.de\/wordpress\/wp-content\/uploads\/2020\/02\/aksum_grab.jpg 893w, http:\/\/skarr.de\/wordpress\/wp-content\/uploads\/2020\/02\/aksum_grab-200x300.jpg 200w, http:\/\/skarr.de\/wordpress\/wp-content\/uploads\/2020\/02\/aksum_grab-768x1152.jpg 768w, http:\/\/skarr.de\/wordpress\/wp-content\/uploads\/2020\/02\/aksum_grab-682x1024.jpg 682w\" sizes=\"(max-width: 893px) 100vw, 893px\" \/><\/a> <a href=\"http:\/\/skarr.de\/wordpress\/wp-content\/uploads\/2020\/02\/aksum_blauesreptil.jpg\" rel=\"lightbox[3719]\"><img decoding=\"async\" loading=\"lazy\" class=\"aligncenter size-full wp-image-3671\" src=\"http:\/\/skarr.de\/wordpress\/wp-content\/uploads\/2020\/02\/aksum_blauesreptil.jpg\" alt=\"\" width=\"805\" height=\"1206\" srcset=\"http:\/\/skarr.de\/wordpress\/wp-content\/uploads\/2020\/02\/aksum_blauesreptil.jpg 805w, http:\/\/skarr.de\/wordpress\/wp-content\/uploads\/2020\/02\/aksum_blauesreptil-200x300.jpg 200w, http:\/\/skarr.de\/wordpress\/wp-content\/uploads\/2020\/02\/aksum_blauesreptil-768x1151.jpg 768w, http:\/\/skarr.de\/wordpress\/wp-content\/uploads\/2020\/02\/aksum_blauesreptil-684x1024.jpg 684w\" sizes=\"(max-width: 805px) 100vw, 805px\" \/><\/a><a href=\"http:\/\/skarr.de\/wordpress\/wp-content\/uploads\/2020\/02\/aksum_strasse3.jpg\" rel=\"lightbox[3719]\"><img decoding=\"async\" loading=\"lazy\" class=\"aligncenter size-full wp-image-3695\" src=\"http:\/\/skarr.de\/wordpress\/wp-content\/uploads\/2020\/02\/aksum_strasse3.jpg\" alt=\"\" width=\"1444\" height=\"964\" srcset=\"http:\/\/skarr.de\/wordpress\/wp-content\/uploads\/2020\/02\/aksum_strasse3.jpg 1444w, http:\/\/skarr.de\/wordpress\/wp-content\/uploads\/2020\/02\/aksum_strasse3-300x200.jpg 300w, http:\/\/skarr.de\/wordpress\/wp-content\/uploads\/2020\/02\/aksum_strasse3-768x513.jpg 768w, http:\/\/skarr.de\/wordpress\/wp-content\/uploads\/2020\/02\/aksum_strasse3-1024x684.jpg 1024w\" sizes=\"(max-width: 1444px) 100vw, 1444px\" \/><\/a> <a href=\"http:\/\/skarr.de\/wordpress\/wp-content\/uploads\/2020\/02\/aksum_jungsgang.jpg\" rel=\"lightbox[3719]\"><img decoding=\"async\" loading=\"lazy\" class=\"aligncenter size-full wp-image-3679\" src=\"http:\/\/skarr.de\/wordpress\/wp-content\/uploads\/2020\/02\/aksum_jungsgang.jpg\" alt=\"\" width=\"856\" height=\"1283\" srcset=\"http:\/\/skarr.de\/wordpress\/wp-content\/uploads\/2020\/02\/aksum_jungsgang.jpg 856w, http:\/\/skarr.de\/wordpress\/wp-content\/uploads\/2020\/02\/aksum_jungsgang-200x300.jpg 200w, http:\/\/skarr.de\/wordpress\/wp-content\/uploads\/2020\/02\/aksum_jungsgang-768x1151.jpg 768w, http:\/\/skarr.de\/wordpress\/wp-content\/uploads\/2020\/02\/aksum_jungsgang-683x1024.jpg 683w\" sizes=\"(max-width: 856px) 100vw, 856px\" \/><\/a><a href=\"http:\/\/skarr.de\/wordpress\/wp-content\/uploads\/2020\/02\/aksum_taekwondowerbung.jpg\" rel=\"lightbox[3719]\"><img decoding=\"async\" loading=\"lazy\" class=\"aligncenter size-full wp-image-3696\" src=\"http:\/\/skarr.de\/wordpress\/wp-content\/uploads\/2020\/02\/aksum_taekwondowerbung.jpg\" alt=\"\" width=\"1444\" height=\"964\" srcset=\"http:\/\/skarr.de\/wordpress\/wp-content\/uploads\/2020\/02\/aksum_taekwondowerbung.jpg 1444w, http:\/\/skarr.de\/wordpress\/wp-content\/uploads\/2020\/02\/aksum_taekwondowerbung-300x200.jpg 300w, http:\/\/skarr.de\/wordpress\/wp-content\/uploads\/2020\/02\/aksum_taekwondowerbung-768x513.jpg 768w, http:\/\/skarr.de\/wordpress\/wp-content\/uploads\/2020\/02\/aksum_taekwondowerbung-1024x684.jpg 1024w\" sizes=\"(max-width: 1444px) 100vw, 1444px\" \/><\/a><a href=\"http:\/\/skarr.de\/wordpress\/wp-content\/uploads\/2020\/02\/aksum_denverstreet.jpg\" rel=\"lightbox[3719]\"><img decoding=\"async\" loading=\"lazy\" class=\"aligncenter size-full wp-image-3675\" src=\"http:\/\/skarr.de\/wordpress\/wp-content\/uploads\/2020\/02\/aksum_denverstreet.jpg\" alt=\"\" width=\"1444\" height=\"964\" srcset=\"http:\/\/skarr.de\/wordpress\/wp-content\/uploads\/2020\/02\/aksum_denverstreet.jpg 1444w, http:\/\/skarr.de\/wordpress\/wp-content\/uploads\/2020\/02\/aksum_denverstreet-300x200.jpg 300w, http:\/\/skarr.de\/wordpress\/wp-content\/uploads\/2020\/02\/aksum_denverstreet-768x513.jpg 768w, http:\/\/skarr.de\/wordpress\/wp-content\/uploads\/2020\/02\/aksum_denverstreet-1024x684.jpg 1024w\" sizes=\"(max-width: 1444px) 100vw, 1444px\" \/><\/a><a href=\"http:\/\/skarr.de\/wordpress\/wp-content\/uploads\/2020\/02\/aksum_maishum.jpg\" rel=\"lightbox[3719]\"><img decoding=\"async\" loading=\"lazy\" class=\"aligncenter size-full wp-image-3682\" src=\"http:\/\/skarr.de\/wordpress\/wp-content\/uploads\/2020\/02\/aksum_maishum.jpg\" alt=\"\" width=\"1444\" height=\"964\" srcset=\"http:\/\/skarr.de\/wordpress\/wp-content\/uploads\/2020\/02\/aksum_maishum.jpg 1444w, http:\/\/skarr.de\/wordpress\/wp-content\/uploads\/2020\/02\/aksum_maishum-300x200.jpg 300w, http:\/\/skarr.de\/wordpress\/wp-content\/uploads\/2020\/02\/aksum_maishum-768x513.jpg 768w, http:\/\/skarr.de\/wordpress\/wp-content\/uploads\/2020\/02\/aksum_maishum-1024x684.jpg 1024w\" sizes=\"(max-width: 1444px) 100vw, 1444px\" \/><\/a><a href=\"http:\/\/skarr.de\/wordpress\/wp-content\/uploads\/2020\/02\/aksum_betende_2.jpg\" rel=\"lightbox[3719]\"><img decoding=\"async\" loading=\"lazy\" class=\"aligncenter size-full wp-image-3669\" src=\"http:\/\/skarr.de\/wordpress\/wp-content\/uploads\/2020\/02\/aksum_betende_2.jpg\" alt=\"\" width=\"964\" height=\"1444\" srcset=\"http:\/\/skarr.de\/wordpress\/wp-content\/uploads\/2020\/02\/aksum_betende_2.jpg 964w, http:\/\/skarr.de\/wordpress\/wp-content\/uploads\/2020\/02\/aksum_betende_2-200x300.jpg 200w, http:\/\/skarr.de\/wordpress\/wp-content\/uploads\/2020\/02\/aksum_betende_2-768x1150.jpg 768w, http:\/\/skarr.de\/wordpress\/wp-content\/uploads\/2020\/02\/aksum_betende_2-684x1024.jpg 684w\" sizes=\"(max-width: 964px) 100vw, 964px\" \/><\/a> <a href=\"http:\/\/skarr.de\/wordpress\/wp-content\/uploads\/2020\/02\/aksum_betende_1.jpg\" rel=\"lightbox[3719]\"><img decoding=\"async\" loading=\"lazy\" class=\"aligncenter size-full wp-image-3668\" src=\"http:\/\/skarr.de\/wordpress\/wp-content\/uploads\/2020\/02\/aksum_betende_1.jpg\" alt=\"\" width=\"1444\" height=\"964\" srcset=\"http:\/\/skarr.de\/wordpress\/wp-content\/uploads\/2020\/02\/aksum_betende_1.jpg 1444w, http:\/\/skarr.de\/wordpress\/wp-content\/uploads\/2020\/02\/aksum_betende_1-300x200.jpg 300w, http:\/\/skarr.de\/wordpress\/wp-content\/uploads\/2020\/02\/aksum_betende_1-768x513.jpg 768w, http:\/\/skarr.de\/wordpress\/wp-content\/uploads\/2020\/02\/aksum_betende_1-1024x684.jpg 1024w\" sizes=\"(max-width: 1444px) 100vw, 1444px\" \/><\/a><a href=\"http:\/\/skarr.de\/wordpress\/wp-content\/uploads\/2020\/02\/aksum_bundeslade.jpg\" rel=\"lightbox[3719]\"><img decoding=\"async\" loading=\"lazy\" class=\"aligncenter size-full wp-image-3672\" src=\"http:\/\/skarr.de\/wordpress\/wp-content\/uploads\/2020\/02\/aksum_bundeslade.jpg\" alt=\"\" width=\"928\" height=\"1390\" srcset=\"http:\/\/skarr.de\/wordpress\/wp-content\/uploads\/2020\/02\/aksum_bundeslade.jpg 928w, http:\/\/skarr.de\/wordpress\/wp-content\/uploads\/2020\/02\/aksum_bundeslade-200x300.jpg 200w, http:\/\/skarr.de\/wordpress\/wp-content\/uploads\/2020\/02\/aksum_bundeslade-768x1150.jpg 768w, http:\/\/skarr.de\/wordpress\/wp-content\/uploads\/2020\/02\/aksum_bundeslade-684x1024.jpg 684w\" sizes=\"(max-width: 928px) 100vw, 928px\" \/><\/a>Aksum, die heiligste Stadt \u00c4thiopiens. Hier soll die Bundeslade stehen. Ein M\u00f6nch, auf Lebenszeit ernannt, bewacht sie und ist der Einzige, der das Haus der Bundeslade betreten darf. F\u00fcr Frauen ist schon am Tor zum heiligen Bezirk Schluss. Zugang nur f\u00fcr M\u00e4nner.<\/p>\n<p><a href=\"http:\/\/skarr.de\/wordpress\/wp-content\/uploads\/2020\/02\/aksum_traditionaldress.jpg\" rel=\"lightbox[3719]\"><img decoding=\"async\" loading=\"lazy\" class=\"aligncenter size-full wp-image-3699\" src=\"http:\/\/skarr.de\/wordpress\/wp-content\/uploads\/2020\/02\/aksum_traditionaldress.jpg\" alt=\"\" width=\"947\" height=\"1419\" srcset=\"http:\/\/skarr.de\/wordpress\/wp-content\/uploads\/2020\/02\/aksum_traditionaldress.jpg 947w, http:\/\/skarr.de\/wordpress\/wp-content\/uploads\/2020\/02\/aksum_traditionaldress-200x300.jpg 200w, http:\/\/skarr.de\/wordpress\/wp-content\/uploads\/2020\/02\/aksum_traditionaldress-768x1151.jpg 768w, http:\/\/skarr.de\/wordpress\/wp-content\/uploads\/2020\/02\/aksum_traditionaldress-683x1024.jpg 683w\" sizes=\"(max-width: 947px) 100vw, 947px\" \/><\/a> <a href=\"http:\/\/skarr.de\/wordpress\/wp-content\/uploads\/2020\/02\/aksum_lackierer.jpg\" rel=\"lightbox[3719]\"><img decoding=\"async\" loading=\"lazy\" class=\"aligncenter size-full wp-image-3681\" src=\"http:\/\/skarr.de\/wordpress\/wp-content\/uploads\/2020\/02\/aksum_lackierer.jpg\" alt=\"\" width=\"1217\" height=\"812\" srcset=\"http:\/\/skarr.de\/wordpress\/wp-content\/uploads\/2020\/02\/aksum_lackierer.jpg 1217w, http:\/\/skarr.de\/wordpress\/wp-content\/uploads\/2020\/02\/aksum_lackierer-300x200.jpg 300w, http:\/\/skarr.de\/wordpress\/wp-content\/uploads\/2020\/02\/aksum_lackierer-768x512.jpg 768w, http:\/\/skarr.de\/wordpress\/wp-content\/uploads\/2020\/02\/aksum_lackierer-1024x683.jpg 1024w\" sizes=\"(max-width: 1217px) 100vw, 1217px\" \/><\/a><a href=\"http:\/\/skarr.de\/wordpress\/wp-content\/uploads\/2020\/02\/aksum_kakteen.jpg\" rel=\"lightbox[3719]\"><img decoding=\"async\" loading=\"lazy\" class=\"aligncenter size-full wp-image-3680\" src=\"http:\/\/skarr.de\/wordpress\/wp-content\/uploads\/2020\/02\/aksum_kakteen.jpg\" alt=\"\" width=\"964\" height=\"1444\" srcset=\"http:\/\/skarr.de\/wordpress\/wp-content\/uploads\/2020\/02\/aksum_kakteen.jpg 964w, http:\/\/skarr.de\/wordpress\/wp-content\/uploads\/2020\/02\/aksum_kakteen-200x300.jpg 200w, http:\/\/skarr.de\/wordpress\/wp-content\/uploads\/2020\/02\/aksum_kakteen-768x1150.jpg 768w, http:\/\/skarr.de\/wordpress\/wp-content\/uploads\/2020\/02\/aksum_kakteen-684x1024.jpg 684w\" sizes=\"(max-width: 964px) 100vw, 964px\" \/><\/a><a href=\"http:\/\/skarr.de\/wordpress\/wp-content\/uploads\/2020\/02\/aksum_wassertraegerinnen.jpg\" rel=\"lightbox[3719]\"><img decoding=\"async\" loading=\"lazy\" class=\"aligncenter size-full wp-image-3703\" src=\"http:\/\/skarr.de\/wordpress\/wp-content\/uploads\/2020\/02\/aksum_wassertraegerinnen.jpg\" alt=\"\" width=\"964\" height=\"1444\" srcset=\"http:\/\/skarr.de\/wordpress\/wp-content\/uploads\/2020\/02\/aksum_wassertraegerinnen.jpg 964w, http:\/\/skarr.de\/wordpress\/wp-content\/uploads\/2020\/02\/aksum_wassertraegerinnen-200x300.jpg 200w, http:\/\/skarr.de\/wordpress\/wp-content\/uploads\/2020\/02\/aksum_wassertraegerinnen-768x1150.jpg 768w, http:\/\/skarr.de\/wordpress\/wp-content\/uploads\/2020\/02\/aksum_wassertraegerinnen-684x1024.jpg 684w\" sizes=\"(max-width: 964px) 100vw, 964px\" \/><\/a><a href=\"http:\/\/skarr.de\/wordpress\/wp-content\/uploads\/2020\/02\/aksum_muehle.jpg\" rel=\"lightbox[3719]\"><img decoding=\"async\" loading=\"lazy\" class=\"aligncenter size-full wp-image-3683\" src=\"http:\/\/skarr.de\/wordpress\/wp-content\/uploads\/2020\/02\/aksum_muehle.jpg\" alt=\"\" width=\"1444\" height=\"964\" srcset=\"http:\/\/skarr.de\/wordpress\/wp-content\/uploads\/2020\/02\/aksum_muehle.jpg 1444w, http:\/\/skarr.de\/wordpress\/wp-content\/uploads\/2020\/02\/aksum_muehle-300x200.jpg 300w, http:\/\/skarr.de\/wordpress\/wp-content\/uploads\/2020\/02\/aksum_muehle-768x513.jpg 768w, http:\/\/skarr.de\/wordpress\/wp-content\/uploads\/2020\/02\/aksum_muehle-1024x684.jpg 1024w\" sizes=\"(max-width: 1444px) 100vw, 1444px\" \/><\/a><a href=\"http:\/\/skarr.de\/wordpress\/wp-content\/uploads\/2020\/02\/aksum_cafes.jpg\" rel=\"lightbox[3719]\"><img decoding=\"async\" loading=\"lazy\" class=\"aligncenter size-full wp-image-3673\" src=\"http:\/\/skarr.de\/wordpress\/wp-content\/uploads\/2020\/02\/aksum_cafes.jpg\" alt=\"\" width=\"1444\" height=\"964\" srcset=\"http:\/\/skarr.de\/wordpress\/wp-content\/uploads\/2020\/02\/aksum_cafes.jpg 1444w, http:\/\/skarr.de\/wordpress\/wp-content\/uploads\/2020\/02\/aksum_cafes-300x200.jpg 300w, http:\/\/skarr.de\/wordpress\/wp-content\/uploads\/2020\/02\/aksum_cafes-768x513.jpg 768w, http:\/\/skarr.de\/wordpress\/wp-content\/uploads\/2020\/02\/aksum_cafes-1024x684.jpg 1024w\" sizes=\"(max-width: 1444px) 100vw, 1444px\" \/><\/a><a href=\"http:\/\/skarr.de\/wordpress\/wp-content\/uploads\/2020\/02\/aksum_strasse2.jpg\" rel=\"lightbox[3719]\"><img decoding=\"async\" loading=\"lazy\" class=\"aligncenter size-full wp-image-3694\" src=\"http:\/\/skarr.de\/wordpress\/wp-content\/uploads\/2020\/02\/aksum_strasse2.jpg\" alt=\"\" width=\"1444\" height=\"964\" srcset=\"http:\/\/skarr.de\/wordpress\/wp-content\/uploads\/2020\/02\/aksum_strasse2.jpg 1444w, http:\/\/skarr.de\/wordpress\/wp-content\/uploads\/2020\/02\/aksum_strasse2-300x200.jpg 300w, http:\/\/skarr.de\/wordpress\/wp-content\/uploads\/2020\/02\/aksum_strasse2-768x513.jpg 768w, http:\/\/skarr.de\/wordpress\/wp-content\/uploads\/2020\/02\/aksum_strasse2-1024x684.jpg 1024w\" sizes=\"(max-width: 1444px) 100vw, 1444px\" \/><\/a><a href=\"http:\/\/skarr.de\/wordpress\/wp-content\/uploads\/2020\/02\/aksum_unterhosen.jpg\" rel=\"lightbox[3719]\"><img decoding=\"async\" loading=\"lazy\" class=\"aligncenter size-full wp-image-3702\" src=\"http:\/\/skarr.de\/wordpress\/wp-content\/uploads\/2020\/02\/aksum_unterhosen.jpg\" alt=\"\" width=\"922\" height=\"1381\" srcset=\"http:\/\/skarr.de\/wordpress\/wp-content\/uploads\/2020\/02\/aksum_unterhosen.jpg 922w, http:\/\/skarr.de\/wordpress\/wp-content\/uploads\/2020\/02\/aksum_unterhosen-200x300.jpg 200w, http:\/\/skarr.de\/wordpress\/wp-content\/uploads\/2020\/02\/aksum_unterhosen-768x1150.jpg 768w, http:\/\/skarr.de\/wordpress\/wp-content\/uploads\/2020\/02\/aksum_unterhosen-684x1024.jpg 684w\" sizes=\"(max-width: 922px) 100vw, 922px\" \/><\/a><a href=\"http:\/\/skarr.de\/wordpress\/wp-content\/uploads\/2020\/02\/aksum_muelleimer.jpg\" rel=\"lightbox[3719]\"><img decoding=\"async\" loading=\"lazy\" class=\"aligncenter size-full wp-image-3684\" src=\"http:\/\/skarr.de\/wordpress\/wp-content\/uploads\/2020\/02\/aksum_muelleimer.jpg\" alt=\"\" width=\"964\" height=\"1444\" srcset=\"http:\/\/skarr.de\/wordpress\/wp-content\/uploads\/2020\/02\/aksum_muelleimer.jpg 964w, http:\/\/skarr.de\/wordpress\/wp-content\/uploads\/2020\/02\/aksum_muelleimer-200x300.jpg 200w, http:\/\/skarr.de\/wordpress\/wp-content\/uploads\/2020\/02\/aksum_muelleimer-768x1150.jpg 768w, http:\/\/skarr.de\/wordpress\/wp-content\/uploads\/2020\/02\/aksum_muelleimer-684x1024.jpg 684w\" sizes=\"(max-width: 964px) 100vw, 964px\" \/><\/a><a href=\"http:\/\/skarr.de\/wordpress\/wp-content\/uploads\/2020\/02\/aksum_taschenverkauf.jpg\" rel=\"lightbox[3719]\"><img decoding=\"async\" loading=\"lazy\" class=\"aligncenter size-full wp-image-3698\" src=\"http:\/\/skarr.de\/wordpress\/wp-content\/uploads\/2020\/02\/aksum_taschenverkauf.jpg\" alt=\"\" width=\"904\" height=\"1356\" srcset=\"http:\/\/skarr.de\/wordpress\/wp-content\/uploads\/2020\/02\/aksum_taschenverkauf.jpg 904w, http:\/\/skarr.de\/wordpress\/wp-content\/uploads\/2020\/02\/aksum_taschenverkauf-200x300.jpg 200w, http:\/\/skarr.de\/wordpress\/wp-content\/uploads\/2020\/02\/aksum_taschenverkauf-768x1152.jpg 768w, http:\/\/skarr.de\/wordpress\/wp-content\/uploads\/2020\/02\/aksum_taschenverkauf-683x1024.jpg 683w\" sizes=\"(max-width: 904px) 100vw, 904px\" \/><\/a><a href=\"http:\/\/skarr.de\/wordpress\/wp-content\/uploads\/2020\/02\/aksum_strasse1.jpg\" rel=\"lightbox[3719]\"><img decoding=\"async\" loading=\"lazy\" class=\"aligncenter size-full wp-image-3693\" src=\"http:\/\/skarr.de\/wordpress\/wp-content\/uploads\/2020\/02\/aksum_strasse1.jpg\" alt=\"\" width=\"1385\" height=\"923\" srcset=\"http:\/\/skarr.de\/wordpress\/wp-content\/uploads\/2020\/02\/aksum_strasse1.jpg 1385w, http:\/\/skarr.de\/wordpress\/wp-content\/uploads\/2020\/02\/aksum_strasse1-300x200.jpg 300w, http:\/\/skarr.de\/wordpress\/wp-content\/uploads\/2020\/02\/aksum_strasse1-768x512.jpg 768w, http:\/\/skarr.de\/wordpress\/wp-content\/uploads\/2020\/02\/aksum_strasse1-1024x682.jpg 1024w\" sizes=\"(max-width: 1385px) 100vw, 1385px\" \/><\/a><a href=\"http:\/\/skarr.de\/wordpress\/wp-content\/uploads\/2020\/02\/aksum_hochzeitskutschenverleih.jpg\" rel=\"lightbox[3719]\"><img decoding=\"async\" loading=\"lazy\" class=\"aligncenter size-full wp-image-3678\" src=\"http:\/\/skarr.de\/wordpress\/wp-content\/uploads\/2020\/02\/aksum_hochzeitskutschenverleih.jpg\" alt=\"\" width=\"964\" height=\"1444\" srcset=\"http:\/\/skarr.de\/wordpress\/wp-content\/uploads\/2020\/02\/aksum_hochzeitskutschenverleih.jpg 964w, http:\/\/skarr.de\/wordpress\/wp-content\/uploads\/2020\/02\/aksum_hochzeitskutschenverleih-200x300.jpg 200w, http:\/\/skarr.de\/wordpress\/wp-content\/uploads\/2020\/02\/aksum_hochzeitskutschenverleih-768x1150.jpg 768w, http:\/\/skarr.de\/wordpress\/wp-content\/uploads\/2020\/02\/aksum_hochzeitskutschenverleih-684x1024.jpg 684w\" sizes=\"(max-width: 964px) 100vw, 964px\" \/><\/a>Abends vor dem Ezana Park, laute Musik, tanzende Frauen und M\u00e4nner und eine Kutsche \u2013 oder eher ein Thron auf R\u00e4dern \u2013 auf dem ein junges Paar sitzt. Festlich gekleidet in traditionelle wei\u00dfe Gew\u00e4nder mit Stickereien. Die Tanzenden winken sie zu sich, tanzen um sie herum, fordern sie auf, sich ihnen anzuschlie\u00dfen und ziehen sie irgendwann in ihre Mitte. Eine Gruppe M\u00e4nner schwingt eine Art S\u00e4bel und wirbelt um das Paar. Eine Hochzeitsparade durch die Innenstadt. Fu\u00dfg\u00e4nger bleiben stehen, schauen, die G\u00e4ste auf den Terrassen der Restaurants strecken ihre K\u00f6pfe in Richtung des Spektakels, nur die Tuk-Tuks kurven weiter unbeeindruckt um die Tanzenden herum. Als die Festgesellschaft weiterzieht, folgt ihnen auch ein Auto mit Kameraleuten, die alles f\u00fcr das Hochzeitsvideo festhalten.<\/p>\n<p><a href=\"http:\/\/skarr.de\/wordpress\/wp-content\/uploads\/2020\/02\/aksum_culturalrestaurant.jpg\" rel=\"lightbox[3719]\"><img decoding=\"async\" loading=\"lazy\" class=\"aligncenter size-full wp-image-3715\" src=\"http:\/\/skarr.de\/wordpress\/wp-content\/uploads\/2020\/02\/aksum_culturalrestaurant.jpg\" alt=\"\" width=\"1444\" height=\"964\" srcset=\"http:\/\/skarr.de\/wordpress\/wp-content\/uploads\/2020\/02\/aksum_culturalrestaurant.jpg 1444w, http:\/\/skarr.de\/wordpress\/wp-content\/uploads\/2020\/02\/aksum_culturalrestaurant-300x200.jpg 300w, http:\/\/skarr.de\/wordpress\/wp-content\/uploads\/2020\/02\/aksum_culturalrestaurant-768x513.jpg 768w, http:\/\/skarr.de\/wordpress\/wp-content\/uploads\/2020\/02\/aksum_culturalrestaurant-1024x684.jpg 1024w\" sizes=\"(max-width: 1444px) 100vw, 1444px\" \/><\/a><a href=\"http:\/\/skarr.de\/wordpress\/wp-content\/uploads\/2020\/02\/aksum_biertruck.jpg\" rel=\"lightbox[3719]\"><img decoding=\"async\" loading=\"lazy\" class=\"aligncenter size-full wp-image-3670\" src=\"http:\/\/skarr.de\/wordpress\/wp-content\/uploads\/2020\/02\/aksum_biertruck.jpg\" alt=\"\" width=\"1422\" height=\"949\" srcset=\"http:\/\/skarr.de\/wordpress\/wp-content\/uploads\/2020\/02\/aksum_biertruck.jpg 1422w, http:\/\/skarr.de\/wordpress\/wp-content\/uploads\/2020\/02\/aksum_biertruck-300x200.jpg 300w, http:\/\/skarr.de\/wordpress\/wp-content\/uploads\/2020\/02\/aksum_biertruck-768x513.jpg 768w, http:\/\/skarr.de\/wordpress\/wp-content\/uploads\/2020\/02\/aksum_biertruck-1024x683.jpg 1024w\" sizes=\"(max-width: 1422px) 100vw, 1422px\" \/><\/a><a href=\"http:\/\/skarr.de\/wordpress\/wp-content\/uploads\/2020\/02\/aksum_daecher_waesche.jpg\" rel=\"lightbox[3719]\"><img decoding=\"async\" loading=\"lazy\" class=\"aligncenter size-full wp-image-3674\" src=\"http:\/\/skarr.de\/wordpress\/wp-content\/uploads\/2020\/02\/aksum_daecher_waesche.jpg\" alt=\"\" width=\"1444\" height=\"964\" srcset=\"http:\/\/skarr.de\/wordpress\/wp-content\/uploads\/2020\/02\/aksum_daecher_waesche.jpg 1444w, http:\/\/skarr.de\/wordpress\/wp-content\/uploads\/2020\/02\/aksum_daecher_waesche-300x200.jpg 300w, http:\/\/skarr.de\/wordpress\/wp-content\/uploads\/2020\/02\/aksum_daecher_waesche-768x513.jpg 768w, http:\/\/skarr.de\/wordpress\/wp-content\/uploads\/2020\/02\/aksum_daecher_waesche-1024x684.jpg 1024w\" sizes=\"(max-width: 1444px) 100vw, 1444px\" \/><\/a><a href=\"http:\/\/skarr.de\/wordpress\/wp-content\/uploads\/2020\/02\/aksum_sonnenuntergang.jpg\" rel=\"lightbox[3719]\"><img decoding=\"async\" loading=\"lazy\" class=\"aligncenter size-full wp-image-3690\" src=\"http:\/\/skarr.de\/wordpress\/wp-content\/uploads\/2020\/02\/aksum_sonnenuntergang.jpg\" alt=\"\" width=\"1444\" height=\"964\" srcset=\"http:\/\/skarr.de\/wordpress\/wp-content\/uploads\/2020\/02\/aksum_sonnenuntergang.jpg 1444w, http:\/\/skarr.de\/wordpress\/wp-content\/uploads\/2020\/02\/aksum_sonnenuntergang-300x200.jpg 300w, http:\/\/skarr.de\/wordpress\/wp-content\/uploads\/2020\/02\/aksum_sonnenuntergang-768x513.jpg 768w, http:\/\/skarr.de\/wordpress\/wp-content\/uploads\/2020\/02\/aksum_sonnenuntergang-1024x684.jpg 1024w\" sizes=\"(max-width: 1444px) 100vw, 1444px\" \/><\/a><\/p>\n","protected":false},"excerpt":{"rendered":"<p>Aksum, die heiligste Stadt \u00c4thiopiens. Hier soll die Bundeslade stehen. Ein M\u00f6nch, auf Lebenszeit ernannt, bewacht sie und ist der Einzige, der das Haus der Bundeslade betreten darf. F\u00fcr Frauen ist schon am Tor zum heiligen Bezirk Schluss. Zugang nur &hellip; <a href=\"http:\/\/skarr.de\/?p=3719\">Weiterlesen <span class=\"meta-nav\">&rarr;<\/span><\/a><\/p>\n","protected":false},"author":1,"featured_media":0,"comment_status":"closed","ping_status":"closed","sticky":false,"template":"","format":"standard","meta":[],"categories":[4],"tags":[],"_links":{"self":[{"href":"http:\/\/skarr.de\/index.php?rest_route=\/wp\/v2\/posts\/3719"}],"collection":[{"href":"http:\/\/skarr.de\/index.php?rest_route=\/wp\/v2\/posts"}],"about":[{"href":"http:\/\/skarr.de\/index.php?rest_route=\/wp\/v2\/types\/post"}],"author":[{"embeddable":true,"href":"http:\/\/skarr.de\/index.php?rest_route=\/wp\/v2\/users\/1"}],"replies":[{"embeddable":true,"href":"http:\/\/skarr.de\/index.php?rest_route=%2Fwp%2Fv2%2Fcomments&post=3719"}],"version-history":[{"count":5,"href":"http:\/\/skarr.de\/index.php?rest_route=\/wp\/v2\/posts\/3719\/revisions"}],"predecessor-version":[{"id":3724,"href":"http:\/\/skarr.de\/index.php?rest_route=\/wp\/v2\/posts\/3719\/revisions\/3724"}],"wp:attachment":[{"href":"http:\/\/skarr.de\/index.php?rest_route=%2Fwp%2Fv2%2Fmedia&parent=3719"}],"wp:term":[{"taxonomy":"category","embeddable":true,"href":"http:\/\/skarr.de\/index.php?rest_route=%2Fwp%2Fv2%2Fcategories&post=3719"},{"taxonomy":"post_tag","embeddable":true,"href":"http:\/\/skarr.de\/index.php?rest_route=%2Fwp%2Fv2%2Ftags&post=3719"}],"curies":[{"name":"wp","href":"https:\/\/api.w.org\/{rel}","templated":true}]}}