{"id":3635,"date":"2020-02-02T13:16:10","date_gmt":"2020-02-02T11:16:10","guid":{"rendered":"http:\/\/skarr.de\/?p=3635"},"modified":"2020-02-03T10:50:37","modified_gmt":"2020-02-03T08:50:37","slug":"von-den-simiens-nach-aksum","status":"publish","type":"post","link":"http:\/\/skarr.de\/?p=3635","title":{"rendered":"von den simiens nach aksum"},"content":{"rendered":"<p><a href=\"http:\/\/skarr.de\/wordpress\/wp-content\/uploads\/2020\/02\/simiens-aksum_italienerstrasse_windschutzscheibe.jpg\" rel=\"lightbox[3635]\"><img decoding=\"async\" loading=\"lazy\" class=\"aligncenter size-full wp-image-3649\" src=\"http:\/\/skarr.de\/wordpress\/wp-content\/uploads\/2020\/02\/simiens-aksum_italienerstrasse_windschutzscheibe.jpg\" alt=\"\" width=\"1444\" height=\"964\" srcset=\"http:\/\/skarr.de\/wordpress\/wp-content\/uploads\/2020\/02\/simiens-aksum_italienerstrasse_windschutzscheibe.jpg 1444w, http:\/\/skarr.de\/wordpress\/wp-content\/uploads\/2020\/02\/simiens-aksum_italienerstrasse_windschutzscheibe-300x200.jpg 300w, http:\/\/skarr.de\/wordpress\/wp-content\/uploads\/2020\/02\/simiens-aksum_italienerstrasse_windschutzscheibe-768x513.jpg 768w, http:\/\/skarr.de\/wordpress\/wp-content\/uploads\/2020\/02\/simiens-aksum_italienerstrasse_windschutzscheibe-1024x684.jpg 1024w\" sizes=\"(max-width: 1444px) 100vw, 1444px\" \/><\/a>Die Fahrt \u00fcber ein Hochplateau, rechts und links zerkl\u00fcftet die Gipfel der Simiens. Auf der Schotterstra\u00dfe kommen uns Gruppen von Menschen entgegen, beladen mit K\u00f6rben, S\u00e4cken und Kanistern. Dazwischen Ziegen und Esel, Schafe, die von Kindern mit St\u00f6cken vorangetrieben werden. Kleine Karawanen ziehen vorbei. Es ist Markttag in Debark. Aus den D\u00f6rfern in der Gegend machen sie sich auf den Weg, viele seien schon vor Sonnenaufgang los, sagt Asri, unser Fahrer. Unvermittelt f\u00fchrt die Stra\u00dfe steil bergab. Serpentinen mit engen Haarnadelkurven wurden in die fast senkrechte Felswand gehauen. Manchmal scheint es als w\u00fcrden wir ins Nichts fahren. Die Italiener bauten die Stra\u00dfe w\u00e4hrend ihrer knapp sechs Jahre dauernden Besatzung. Ein Friedhof in einer Kurve zeugt von den Arbeitern, die w\u00e4hrend der Bauarbeiten ihr Leben verloren.<\/p>\n<p><a href=\"http:\/\/skarr.de\/wordpress\/wp-content\/uploads\/2020\/02\/simiens-aksum_italienerstrasse_friedhof.jpg\" rel=\"lightbox[3635]\"><img decoding=\"async\" loading=\"lazy\" class=\"aligncenter size-full wp-image-3645\" src=\"http:\/\/skarr.de\/wordpress\/wp-content\/uploads\/2020\/02\/simiens-aksum_italienerstrasse_friedhof.jpg\" alt=\"\" width=\"1444\" height=\"964\" srcset=\"http:\/\/skarr.de\/wordpress\/wp-content\/uploads\/2020\/02\/simiens-aksum_italienerstrasse_friedhof.jpg 1444w, http:\/\/skarr.de\/wordpress\/wp-content\/uploads\/2020\/02\/simiens-aksum_italienerstrasse_friedhof-300x200.jpg 300w, http:\/\/skarr.de\/wordpress\/wp-content\/uploads\/2020\/02\/simiens-aksum_italienerstrasse_friedhof-768x513.jpg 768w, http:\/\/skarr.de\/wordpress\/wp-content\/uploads\/2020\/02\/simiens-aksum_italienerstrasse_friedhof-1024x684.jpg 1024w\" sizes=\"(max-width: 1444px) 100vw, 1444px\" \/><\/a><a href=\"http:\/\/skarr.de\/wordpress\/wp-content\/uploads\/2020\/02\/simiens-aksum_italienerstrasse_baeume.jpg\" rel=\"lightbox[3635]\"><img decoding=\"async\" loading=\"lazy\" class=\"aligncenter size-full wp-image-3644\" src=\"http:\/\/skarr.de\/wordpress\/wp-content\/uploads\/2020\/02\/simiens-aksum_italienerstrasse_baeume.jpg\" alt=\"\" width=\"1444\" height=\"964\" srcset=\"http:\/\/skarr.de\/wordpress\/wp-content\/uploads\/2020\/02\/simiens-aksum_italienerstrasse_baeume.jpg 1444w, http:\/\/skarr.de\/wordpress\/wp-content\/uploads\/2020\/02\/simiens-aksum_italienerstrasse_baeume-300x200.jpg 300w, http:\/\/skarr.de\/wordpress\/wp-content\/uploads\/2020\/02\/simiens-aksum_italienerstrasse_baeume-768x513.jpg 768w, http:\/\/skarr.de\/wordpress\/wp-content\/uploads\/2020\/02\/simiens-aksum_italienerstrasse_baeume-1024x684.jpg 1024w\" sizes=\"(max-width: 1444px) 100vw, 1444px\" \/><\/a> <a href=\"http:\/\/skarr.de\/wordpress\/wp-content\/uploads\/2020\/02\/simiens-aksum_italienerstrasse.jpg\" rel=\"lightbox[3635]\"><img decoding=\"async\" loading=\"lazy\" class=\"aligncenter size-full wp-image-3650\" src=\"http:\/\/skarr.de\/wordpress\/wp-content\/uploads\/2020\/02\/simiens-aksum_italienerstrasse.jpg\" alt=\"\" width=\"1444\" height=\"964\" srcset=\"http:\/\/skarr.de\/wordpress\/wp-content\/uploads\/2020\/02\/simiens-aksum_italienerstrasse.jpg 1444w, http:\/\/skarr.de\/wordpress\/wp-content\/uploads\/2020\/02\/simiens-aksum_italienerstrasse-300x200.jpg 300w, http:\/\/skarr.de\/wordpress\/wp-content\/uploads\/2020\/02\/simiens-aksum_italienerstrasse-768x513.jpg 768w, http:\/\/skarr.de\/wordpress\/wp-content\/uploads\/2020\/02\/simiens-aksum_italienerstrasse-1024x684.jpg 1024w\" sizes=\"(max-width: 1444px) 100vw, 1444px\" \/><\/a><a href=\"http:\/\/skarr.de\/wordpress\/wp-content\/uploads\/2020\/02\/simiens-aksum_italienerstrasse_wasserfall.jpg\" rel=\"lightbox[3635]\"><img decoding=\"async\" loading=\"lazy\" class=\"aligncenter size-full wp-image-3648\" src=\"http:\/\/skarr.de\/wordpress\/wp-content\/uploads\/2020\/02\/simiens-aksum_italienerstrasse_wasserfall.jpg\" alt=\"\" width=\"921\" height=\"2533\" srcset=\"http:\/\/skarr.de\/wordpress\/wp-content\/uploads\/2020\/02\/simiens-aksum_italienerstrasse_wasserfall.jpg 921w, http:\/\/skarr.de\/wordpress\/wp-content\/uploads\/2020\/02\/simiens-aksum_italienerstrasse_wasserfall-109x300.jpg 109w, http:\/\/skarr.de\/wordpress\/wp-content\/uploads\/2020\/02\/simiens-aksum_italienerstrasse_wasserfall-768x2112.jpg 768w, http:\/\/skarr.de\/wordpress\/wp-content\/uploads\/2020\/02\/simiens-aksum_italienerstrasse_wasserfall-372x1024.jpg 372w\" sizes=\"(max-width: 921px) 100vw, 921px\" \/><\/a> <a href=\"http:\/\/skarr.de\/wordpress\/wp-content\/uploads\/2020\/02\/simiens-aksum_italienerstrasse_lkw.jpg\" rel=\"lightbox[3635]\"><img decoding=\"async\" loading=\"lazy\" class=\"aligncenter size-full wp-image-3646\" src=\"http:\/\/skarr.de\/wordpress\/wp-content\/uploads\/2020\/02\/simiens-aksum_italienerstrasse_lkw.jpg\" alt=\"\" width=\"964\" height=\"1444\" srcset=\"http:\/\/skarr.de\/wordpress\/wp-content\/uploads\/2020\/02\/simiens-aksum_italienerstrasse_lkw.jpg 964w, http:\/\/skarr.de\/wordpress\/wp-content\/uploads\/2020\/02\/simiens-aksum_italienerstrasse_lkw-200x300.jpg 200w, http:\/\/skarr.de\/wordpress\/wp-content\/uploads\/2020\/02\/simiens-aksum_italienerstrasse_lkw-768x1150.jpg 768w, http:\/\/skarr.de\/wordpress\/wp-content\/uploads\/2020\/02\/simiens-aksum_italienerstrasse_lkw-684x1024.jpg 684w\" sizes=\"(max-width: 964px) 100vw, 964px\" \/><\/a><a href=\"http:\/\/skarr.de\/wordpress\/wp-content\/uploads\/2020\/02\/simiens-aksum_italienerstrasse_serpentinen.jpg\" rel=\"lightbox[3635]\"><img decoding=\"async\" loading=\"lazy\" class=\"aligncenter size-full wp-image-3647\" src=\"http:\/\/skarr.de\/wordpress\/wp-content\/uploads\/2020\/02\/simiens-aksum_italienerstrasse_serpentinen.jpg\" alt=\"\" width=\"854\" height=\"964\" srcset=\"http:\/\/skarr.de\/wordpress\/wp-content\/uploads\/2020\/02\/simiens-aksum_italienerstrasse_serpentinen.jpg 854w, http:\/\/skarr.de\/wordpress\/wp-content\/uploads\/2020\/02\/simiens-aksum_italienerstrasse_serpentinen-266x300.jpg 266w, http:\/\/skarr.de\/wordpress\/wp-content\/uploads\/2020\/02\/simiens-aksum_italienerstrasse_serpentinen-768x867.jpg 768w\" sizes=\"(max-width: 854px) 100vw, 854px\" \/><\/a><a href=\"http:\/\/skarr.de\/wordpress\/wp-content\/uploads\/2020\/02\/simiens-aksum_bienenstoecke.jpg\" rel=\"lightbox[3635]\"><img decoding=\"async\" loading=\"lazy\" class=\"aligncenter size-full wp-image-3638\" src=\"http:\/\/skarr.de\/wordpress\/wp-content\/uploads\/2020\/02\/simiens-aksum_bienenstoecke.jpg\" alt=\"\" width=\"964\" height=\"1444\" srcset=\"http:\/\/skarr.de\/wordpress\/wp-content\/uploads\/2020\/02\/simiens-aksum_bienenstoecke.jpg 964w, http:\/\/skarr.de\/wordpress\/wp-content\/uploads\/2020\/02\/simiens-aksum_bienenstoecke-200x300.jpg 200w, http:\/\/skarr.de\/wordpress\/wp-content\/uploads\/2020\/02\/simiens-aksum_bienenstoecke-768x1150.jpg 768w, http:\/\/skarr.de\/wordpress\/wp-content\/uploads\/2020\/02\/simiens-aksum_bienenstoecke-684x1024.jpg 684w\" sizes=\"(max-width: 964px) 100vw, 964px\" \/><\/a><\/p>\n<p>Am Stra\u00dfenrand h\u00e4ngen merkw\u00fcrdige Gebilde in den B\u00e4umen: Bienenst\u00f6cke, aus Planen, Tuch und \u00c4sten zusammengebunden.<\/p>\n<p><a href=\"http:\/\/skarr.de\/wordpress\/wp-content\/uploads\/2020\/02\/simiens-aksum_italienerstrasse_ausblick_2.jpg\" rel=\"lightbox[3635]\"><img decoding=\"async\" loading=\"lazy\" class=\"aligncenter size-full wp-image-3642\" src=\"http:\/\/skarr.de\/wordpress\/wp-content\/uploads\/2020\/02\/simiens-aksum_italienerstrasse_ausblick_2.jpg\" alt=\"\" width=\"1444\" height=\"964\" srcset=\"http:\/\/skarr.de\/wordpress\/wp-content\/uploads\/2020\/02\/simiens-aksum_italienerstrasse_ausblick_2.jpg 1444w, http:\/\/skarr.de\/wordpress\/wp-content\/uploads\/2020\/02\/simiens-aksum_italienerstrasse_ausblick_2-300x200.jpg 300w, http:\/\/skarr.de\/wordpress\/wp-content\/uploads\/2020\/02\/simiens-aksum_italienerstrasse_ausblick_2-768x513.jpg 768w, http:\/\/skarr.de\/wordpress\/wp-content\/uploads\/2020\/02\/simiens-aksum_italienerstrasse_ausblick_2-1024x684.jpg 1024w\" sizes=\"(max-width: 1444px) 100vw, 1444px\" \/><\/a><a href=\"http:\/\/skarr.de\/wordpress\/wp-content\/uploads\/2020\/02\/simiens-aksum_ziegenwege.jpg\" rel=\"lightbox[3635]\"><img decoding=\"async\" loading=\"lazy\" class=\"aligncenter size-full wp-image-3661\" src=\"http:\/\/skarr.de\/wordpress\/wp-content\/uploads\/2020\/02\/simiens-aksum_ziegenwege.jpg\" alt=\"\" width=\"1444\" height=\"964\" srcset=\"http:\/\/skarr.de\/wordpress\/wp-content\/uploads\/2020\/02\/simiens-aksum_ziegenwege.jpg 1444w, http:\/\/skarr.de\/wordpress\/wp-content\/uploads\/2020\/02\/simiens-aksum_ziegenwege-300x200.jpg 300w, http:\/\/skarr.de\/wordpress\/wp-content\/uploads\/2020\/02\/simiens-aksum_ziegenwege-768x513.jpg 768w, http:\/\/skarr.de\/wordpress\/wp-content\/uploads\/2020\/02\/simiens-aksum_ziegenwege-1024x684.jpg 1024w\" sizes=\"(max-width: 1444px) 100vw, 1444px\" \/><\/a><a href=\"http:\/\/skarr.de\/wordpress\/wp-content\/uploads\/2020\/02\/simiens-aksum_panorama.jpg\" rel=\"lightbox[3635]\"><img decoding=\"async\" loading=\"lazy\" class=\"aligncenter size-full wp-image-3654\" src=\"http:\/\/skarr.de\/wordpress\/wp-content\/uploads\/2020\/02\/simiens-aksum_panorama.jpg\" alt=\"\" width=\"2507\" height=\"882\" srcset=\"http:\/\/skarr.de\/wordpress\/wp-content\/uploads\/2020\/02\/simiens-aksum_panorama.jpg 2507w, http:\/\/skarr.de\/wordpress\/wp-content\/uploads\/2020\/02\/simiens-aksum_panorama-300x106.jpg 300w, http:\/\/skarr.de\/wordpress\/wp-content\/uploads\/2020\/02\/simiens-aksum_panorama-768x270.jpg 768w, http:\/\/skarr.de\/wordpress\/wp-content\/uploads\/2020\/02\/simiens-aksum_panorama-1024x360.jpg 1024w\" sizes=\"(max-width: 2507px) 100vw, 2507px\" \/><\/a><a href=\"http:\/\/skarr.de\/wordpress\/wp-content\/uploads\/2020\/02\/simiens-aksum_birdonawire_1.jpg\" rel=\"lightbox[3635]\"><img decoding=\"async\" loading=\"lazy\" class=\"aligncenter size-full wp-image-3639\" src=\"http:\/\/skarr.de\/wordpress\/wp-content\/uploads\/2020\/02\/simiens-aksum_birdonawire_1.jpg\" alt=\"\" width=\"747\" height=\"1119\" srcset=\"http:\/\/skarr.de\/wordpress\/wp-content\/uploads\/2020\/02\/simiens-aksum_birdonawire_1.jpg 747w, http:\/\/skarr.de\/wordpress\/wp-content\/uploads\/2020\/02\/simiens-aksum_birdonawire_1-200x300.jpg 200w, http:\/\/skarr.de\/wordpress\/wp-content\/uploads\/2020\/02\/simiens-aksum_birdonawire_1-684x1024.jpg 684w\" sizes=\"(max-width: 747px) 100vw, 747px\" \/><\/a><a href=\"http:\/\/skarr.de\/wordpress\/wp-content\/uploads\/2020\/02\/simiens-aksum_strasse_1.jpg\" rel=\"lightbox[3635]\"><img decoding=\"async\" loading=\"lazy\" class=\"aligncenter size-full wp-image-3659\" src=\"http:\/\/skarr.de\/wordpress\/wp-content\/uploads\/2020\/02\/simiens-aksum_strasse_1.jpg\" alt=\"\" width=\"1444\" height=\"964\" srcset=\"http:\/\/skarr.de\/wordpress\/wp-content\/uploads\/2020\/02\/simiens-aksum_strasse_1.jpg 1444w, http:\/\/skarr.de\/wordpress\/wp-content\/uploads\/2020\/02\/simiens-aksum_strasse_1-300x200.jpg 300w, http:\/\/skarr.de\/wordpress\/wp-content\/uploads\/2020\/02\/simiens-aksum_strasse_1-768x513.jpg 768w, http:\/\/skarr.de\/wordpress\/wp-content\/uploads\/2020\/02\/simiens-aksum_strasse_1-1024x684.jpg 1024w\" sizes=\"(max-width: 1444px) 100vw, 1444px\" \/><\/a>Rast in einem Stra\u00dfendorf. Wir sitzen in einem Caf\u00e9, auf kleinen bunten Plastikhockern. Trinken \u00e4thiopischen Kaffe aus kleinen bunten Tassen. Autos fahren vorbei, Karren mit Pferden oder Eseln, die Leute gehen ihrem Tagwerk nach. Dann jagt eine Windhose \u00fcber die Stra\u00dfe und wirbelt f\u00fcr einen Augenblick das Leben durcheinander.<\/p>\n<p><a href=\"http:\/\/skarr.de\/wordpress\/wp-content\/uploads\/2020\/02\/simiens-aksum_bergkette_2.jpg\" rel=\"lightbox[3635]\"><img decoding=\"async\" loading=\"lazy\" class=\"aligncenter size-full wp-image-3636\" src=\"http:\/\/skarr.de\/wordpress\/wp-content\/uploads\/2020\/02\/simiens-aksum_bergkette_2.jpg\" alt=\"\" width=\"1444\" height=\"964\" srcset=\"http:\/\/skarr.de\/wordpress\/wp-content\/uploads\/2020\/02\/simiens-aksum_bergkette_2.jpg 1444w, http:\/\/skarr.de\/wordpress\/wp-content\/uploads\/2020\/02\/simiens-aksum_bergkette_2-300x200.jpg 300w, http:\/\/skarr.de\/wordpress\/wp-content\/uploads\/2020\/02\/simiens-aksum_bergkette_2-768x513.jpg 768w, http:\/\/skarr.de\/wordpress\/wp-content\/uploads\/2020\/02\/simiens-aksum_bergkette_2-1024x684.jpg 1024w\" sizes=\"(max-width: 1444px) 100vw, 1444px\" \/><\/a><a href=\"http:\/\/skarr.de\/wordpress\/wp-content\/uploads\/2020\/02\/simiens-aksum_fluss.jpg\" rel=\"lightbox[3635]\"><img decoding=\"async\" loading=\"lazy\" class=\"aligncenter size-full wp-image-3641\" src=\"http:\/\/skarr.de\/wordpress\/wp-content\/uploads\/2020\/02\/simiens-aksum_fluss.jpg\" alt=\"\" width=\"1444\" height=\"964\" srcset=\"http:\/\/skarr.de\/wordpress\/wp-content\/uploads\/2020\/02\/simiens-aksum_fluss.jpg 1444w, http:\/\/skarr.de\/wordpress\/wp-content\/uploads\/2020\/02\/simiens-aksum_fluss-300x200.jpg 300w, http:\/\/skarr.de\/wordpress\/wp-content\/uploads\/2020\/02\/simiens-aksum_fluss-768x513.jpg 768w, http:\/\/skarr.de\/wordpress\/wp-content\/uploads\/2020\/02\/simiens-aksum_fluss-1024x684.jpg 1024w\" sizes=\"(max-width: 1444px) 100vw, 1444px\" \/><\/a><\/p>\n<p><a href=\"http:\/\/skarr.de\/wordpress\/wp-content\/uploads\/2020\/02\/simiens-aksum_wege.jpg\" rel=\"lightbox[3635]\"><img decoding=\"async\" loading=\"lazy\" class=\"aligncenter size-full wp-image-3660\" src=\"http:\/\/skarr.de\/wordpress\/wp-content\/uploads\/2020\/02\/simiens-aksum_wege.jpg\" alt=\"\" width=\"1444\" height=\"964\" srcset=\"http:\/\/skarr.de\/wordpress\/wp-content\/uploads\/2020\/02\/simiens-aksum_wege.jpg 1444w, http:\/\/skarr.de\/wordpress\/wp-content\/uploads\/2020\/02\/simiens-aksum_wege-300x200.jpg 300w, http:\/\/skarr.de\/wordpress\/wp-content\/uploads\/2020\/02\/simiens-aksum_wege-768x513.jpg 768w, http:\/\/skarr.de\/wordpress\/wp-content\/uploads\/2020\/02\/simiens-aksum_wege-1024x684.jpg 1024w\" sizes=\"(max-width: 1444px) 100vw, 1444px\" \/><\/a><a href=\"http:\/\/skarr.de\/wordpress\/wp-content\/uploads\/2020\/02\/simiens-aksum_lkw_rennendes-kind.jpg\" rel=\"lightbox[3635]\"><img decoding=\"async\" loading=\"lazy\" class=\"aligncenter size-full wp-image-3652\" src=\"http:\/\/skarr.de\/wordpress\/wp-content\/uploads\/2020\/02\/simiens-aksum_lkw_rennendes-kind.jpg\" alt=\"\" width=\"871\" height=\"1305\" srcset=\"http:\/\/skarr.de\/wordpress\/wp-content\/uploads\/2020\/02\/simiens-aksum_lkw_rennendes-kind.jpg 871w, http:\/\/skarr.de\/wordpress\/wp-content\/uploads\/2020\/02\/simiens-aksum_lkw_rennendes-kind-200x300.jpg 200w, http:\/\/skarr.de\/wordpress\/wp-content\/uploads\/2020\/02\/simiens-aksum_lkw_rennendes-kind-768x1151.jpg 768w, http:\/\/skarr.de\/wordpress\/wp-content\/uploads\/2020\/02\/simiens-aksum_lkw_rennendes-kind-683x1024.jpg 683w\" sizes=\"(max-width: 871px) 100vw, 871px\" \/><\/a><a href=\"http:\/\/skarr.de\/wordpress\/wp-content\/uploads\/2020\/02\/simiens-aksum_bergkette.jpg\" rel=\"lightbox[3635]\"><img decoding=\"async\" loading=\"lazy\" class=\"aligncenter size-full wp-image-3637\" src=\"http:\/\/skarr.de\/wordpress\/wp-content\/uploads\/2020\/02\/simiens-aksum_bergkette.jpg\" alt=\"\" width=\"1444\" height=\"964\" srcset=\"http:\/\/skarr.de\/wordpress\/wp-content\/uploads\/2020\/02\/simiens-aksum_bergkette.jpg 1444w, http:\/\/skarr.de\/wordpress\/wp-content\/uploads\/2020\/02\/simiens-aksum_bergkette-300x200.jpg 300w, http:\/\/skarr.de\/wordpress\/wp-content\/uploads\/2020\/02\/simiens-aksum_bergkette-768x513.jpg 768w, http:\/\/skarr.de\/wordpress\/wp-content\/uploads\/2020\/02\/simiens-aksum_bergkette-1024x684.jpg 1024w\" sizes=\"(max-width: 1444px) 100vw, 1444px\" \/><\/a><a href=\"http:\/\/skarr.de\/wordpress\/wp-content\/uploads\/2020\/02\/simiens-aksum_serpentinen_panorama.jpg\" rel=\"lightbox[3635]\"><img decoding=\"async\" loading=\"lazy\" class=\"aligncenter size-full wp-image-3657\" src=\"http:\/\/skarr.de\/wordpress\/wp-content\/uploads\/2020\/02\/simiens-aksum_serpentinen_panorama.jpg\" alt=\"\" width=\"1444\" height=\"964\" srcset=\"http:\/\/skarr.de\/wordpress\/wp-content\/uploads\/2020\/02\/simiens-aksum_serpentinen_panorama.jpg 1444w, http:\/\/skarr.de\/wordpress\/wp-content\/uploads\/2020\/02\/simiens-aksum_serpentinen_panorama-300x200.jpg 300w, http:\/\/skarr.de\/wordpress\/wp-content\/uploads\/2020\/02\/simiens-aksum_serpentinen_panorama-768x513.jpg 768w, http:\/\/skarr.de\/wordpress\/wp-content\/uploads\/2020\/02\/simiens-aksum_serpentinen_panorama-1024x684.jpg 1024w\" sizes=\"(max-width: 1444px) 100vw, 1444px\" \/><\/a><a href=\"http:\/\/skarr.de\/wordpress\/wp-content\/uploads\/2020\/02\/simiens-aksum_serpentinen.jpg\" rel=\"lightbox[3635]\"><img decoding=\"async\" loading=\"lazy\" class=\"aligncenter size-full wp-image-3658\" src=\"http:\/\/skarr.de\/wordpress\/wp-content\/uploads\/2020\/02\/simiens-aksum_serpentinen.jpg\" alt=\"\" width=\"1317\" height=\"879\" srcset=\"http:\/\/skarr.de\/wordpress\/wp-content\/uploads\/2020\/02\/simiens-aksum_serpentinen.jpg 1317w, http:\/\/skarr.de\/wordpress\/wp-content\/uploads\/2020\/02\/simiens-aksum_serpentinen-300x200.jpg 300w, http:\/\/skarr.de\/wordpress\/wp-content\/uploads\/2020\/02\/simiens-aksum_serpentinen-768x513.jpg 768w, http:\/\/skarr.de\/wordpress\/wp-content\/uploads\/2020\/02\/simiens-aksum_serpentinen-1024x683.jpg 1024w\" sizes=\"(max-width: 1317px) 100vw, 1317px\" \/><\/a><a href=\"http:\/\/skarr.de\/wordpress\/wp-content\/uploads\/2020\/02\/simiens-aksum_poller_2.jpg\" rel=\"lightbox[3635]\"><img decoding=\"async\" loading=\"lazy\" class=\"aligncenter size-full wp-image-3655\" src=\"http:\/\/skarr.de\/wordpress\/wp-content\/uploads\/2020\/02\/simiens-aksum_poller_2.jpg\" alt=\"\" width=\"964\" height=\"1444\" srcset=\"http:\/\/skarr.de\/wordpress\/wp-content\/uploads\/2020\/02\/simiens-aksum_poller_2.jpg 964w, http:\/\/skarr.de\/wordpress\/wp-content\/uploads\/2020\/02\/simiens-aksum_poller_2-200x300.jpg 200w, http:\/\/skarr.de\/wordpress\/wp-content\/uploads\/2020\/02\/simiens-aksum_poller_2-768x1150.jpg 768w, http:\/\/skarr.de\/wordpress\/wp-content\/uploads\/2020\/02\/simiens-aksum_poller_2-684x1024.jpg 684w\" sizes=\"(max-width: 964px) 100vw, 964px\" \/><\/a><a href=\"http:\/\/skarr.de\/wordpress\/wp-content\/uploads\/2020\/02\/simiens-aksum_bus.jpg\" rel=\"lightbox[3635]\"><img decoding=\"async\" loading=\"lazy\" class=\"aligncenter size-full wp-image-3640\" src=\"http:\/\/skarr.de\/wordpress\/wp-content\/uploads\/2020\/02\/simiens-aksum_bus.jpg\" alt=\"\" width=\"1444\" height=\"964\" srcset=\"http:\/\/skarr.de\/wordpress\/wp-content\/uploads\/2020\/02\/simiens-aksum_bus.jpg 1444w, http:\/\/skarr.de\/wordpress\/wp-content\/uploads\/2020\/02\/simiens-aksum_bus-300x200.jpg 300w, http:\/\/skarr.de\/wordpress\/wp-content\/uploads\/2020\/02\/simiens-aksum_bus-768x513.jpg 768w, http:\/\/skarr.de\/wordpress\/wp-content\/uploads\/2020\/02\/simiens-aksum_bus-1024x684.jpg 1024w\" sizes=\"(max-width: 1444px) 100vw, 1444px\" \/><\/a><a href=\"http:\/\/skarr.de\/wordpress\/wp-content\/uploads\/2020\/02\/simiens-aksum_maedchen.jpg\" rel=\"lightbox[3635]\"><img decoding=\"async\" loading=\"lazy\" class=\"aligncenter size-full wp-image-3653\" src=\"http:\/\/skarr.de\/wordpress\/wp-content\/uploads\/2020\/02\/simiens-aksum_maedchen.jpg\" alt=\"\" width=\"964\" height=\"1444\" srcset=\"http:\/\/skarr.de\/wordpress\/wp-content\/uploads\/2020\/02\/simiens-aksum_maedchen.jpg 964w, http:\/\/skarr.de\/wordpress\/wp-content\/uploads\/2020\/02\/simiens-aksum_maedchen-200x300.jpg 200w, http:\/\/skarr.de\/wordpress\/wp-content\/uploads\/2020\/02\/simiens-aksum_maedchen-768x1150.jpg 768w, http:\/\/skarr.de\/wordpress\/wp-content\/uploads\/2020\/02\/simiens-aksum_maedchen-684x1024.jpg 684w\" sizes=\"(max-width: 964px) 100vw, 964px\" \/><\/a><a href=\"http:\/\/skarr.de\/wordpress\/wp-content\/uploads\/2020\/02\/simiens-aksum_jungen.jpg\" rel=\"lightbox[3635]\"><img decoding=\"async\" loading=\"lazy\" class=\"aligncenter size-full wp-image-3651\" src=\"http:\/\/skarr.de\/wordpress\/wp-content\/uploads\/2020\/02\/simiens-aksum_jungen.jpg\" alt=\"\" width=\"890\" height=\"1333\" srcset=\"http:\/\/skarr.de\/wordpress\/wp-content\/uploads\/2020\/02\/simiens-aksum_jungen.jpg 890w, http:\/\/skarr.de\/wordpress\/wp-content\/uploads\/2020\/02\/simiens-aksum_jungen-200x300.jpg 200w, http:\/\/skarr.de\/wordpress\/wp-content\/uploads\/2020\/02\/simiens-aksum_jungen-768x1150.jpg 768w, http:\/\/skarr.de\/wordpress\/wp-content\/uploads\/2020\/02\/simiens-aksum_jungen-684x1024.jpg 684w\" sizes=\"(max-width: 890px) 100vw, 890px\" \/><\/a><a href=\"http:\/\/skarr.de\/wordpress\/wp-content\/uploads\/2020\/02\/simiens-aksum_serpentinen_2.jpg\" rel=\"lightbox[3635]\"><img decoding=\"async\" loading=\"lazy\" class=\"aligncenter size-full wp-image-3656\" src=\"http:\/\/skarr.de\/wordpress\/wp-content\/uploads\/2020\/02\/simiens-aksum_serpentinen_2.jpg\" alt=\"\" width=\"1444\" height=\"964\" srcset=\"http:\/\/skarr.de\/wordpress\/wp-content\/uploads\/2020\/02\/simiens-aksum_serpentinen_2.jpg 1444w, http:\/\/skarr.de\/wordpress\/wp-content\/uploads\/2020\/02\/simiens-aksum_serpentinen_2-300x200.jpg 300w, http:\/\/skarr.de\/wordpress\/wp-content\/uploads\/2020\/02\/simiens-aksum_serpentinen_2-768x513.jpg 768w, http:\/\/skarr.de\/wordpress\/wp-content\/uploads\/2020\/02\/simiens-aksum_serpentinen_2-1024x684.jpg 1024w\" sizes=\"(max-width: 1444px) 100vw, 1444px\" \/><\/a><\/p>\n","protected":false},"excerpt":{"rendered":"<p>Die Fahrt \u00fcber ein Hochplateau, rechts und links zerkl\u00fcftet die Gipfel der Simiens. Auf der Schotterstra\u00dfe kommen uns Gruppen von Menschen entgegen, beladen mit K\u00f6rben, S\u00e4cken und Kanistern. Dazwischen Ziegen und Esel, Schafe, die von Kindern mit St\u00f6cken vorangetrieben werden. &hellip; <a href=\"http:\/\/skarr.de\/?p=3635\">Weiterlesen <span class=\"meta-nav\">&rarr;<\/span><\/a><\/p>\n","protected":false},"author":1,"featured_media":0,"comment_status":"closed","ping_status":"closed","sticky":false,"template":"","format":"standard","meta":[],"categories":[4],"tags":[],"_links":{"self":[{"href":"http:\/\/skarr.de\/index.php?rest_route=\/wp\/v2\/posts\/3635"}],"collection":[{"href":"http:\/\/skarr.de\/index.php?rest_route=\/wp\/v2\/posts"}],"about":[{"href":"http:\/\/skarr.de\/index.php?rest_route=\/wp\/v2\/types\/post"}],"author":[{"embeddable":true,"href":"http:\/\/skarr.de\/index.php?rest_route=\/wp\/v2\/users\/1"}],"replies":[{"embeddable":true,"href":"http:\/\/skarr.de\/index.php?rest_route=%2Fwp%2Fv2%2Fcomments&post=3635"}],"version-history":[{"count":9,"href":"http:\/\/skarr.de\/index.php?rest_route=\/wp\/v2\/posts\/3635\/revisions"}],"predecessor-version":[{"id":3705,"href":"http:\/\/skarr.de\/index.php?rest_route=\/wp\/v2\/posts\/3635\/revisions\/3705"}],"wp:attachment":[{"href":"http:\/\/skarr.de\/index.php?rest_route=%2Fwp%2Fv2%2Fmedia&parent=3635"}],"wp:term":[{"taxonomy":"category","embeddable":true,"href":"http:\/\/skarr.de\/index.php?rest_route=%2Fwp%2Fv2%2Fcategories&post=3635"},{"taxonomy":"post_tag","embeddable":true,"href":"http:\/\/skarr.de\/index.php?rest_route=%2Fwp%2Fv2%2Ftags&post=3635"}],"curies":[{"name":"wp","href":"https:\/\/api.w.org\/{rel}","templated":true}]}}