{"id":3540,"date":"2019-12-29T16:14:39","date_gmt":"2019-12-29T14:14:39","guid":{"rendered":"http:\/\/skarr.de\/?p=3540"},"modified":"2019-12-29T16:14:39","modified_gmt":"2019-12-29T14:14:39","slug":"gondar","status":"publish","type":"post","link":"http:\/\/skarr.de\/?p=3540","title":{"rendered":"gondar"},"content":{"rendered":"<p><a href=\"http:\/\/skarr.de\/wordpress\/wp-content\/uploads\/2019\/12\/gondar_spaziergaengerin_fasilides.jpg\" rel=\"lightbox[3540]\"><img decoding=\"async\" loading=\"lazy\" class=\"aligncenter size-full wp-image-3542\" src=\"http:\/\/skarr.de\/wordpress\/wp-content\/uploads\/2019\/12\/gondar_spaziergaengerin_fasilides.jpg\" alt=\"\" width=\"964\" height=\"1444\" srcset=\"http:\/\/skarr.de\/wordpress\/wp-content\/uploads\/2019\/12\/gondar_spaziergaengerin_fasilides.jpg 964w, http:\/\/skarr.de\/wordpress\/wp-content\/uploads\/2019\/12\/gondar_spaziergaengerin_fasilides-200x300.jpg 200w, http:\/\/skarr.de\/wordpress\/wp-content\/uploads\/2019\/12\/gondar_spaziergaengerin_fasilides-768x1150.jpg 768w, http:\/\/skarr.de\/wordpress\/wp-content\/uploads\/2019\/12\/gondar_spaziergaengerin_fasilides-684x1024.jpg 684w\" sizes=\"(max-width: 964px) 100vw, 964px\" \/><\/a><a href=\"http:\/\/skarr.de\/wordpress\/wp-content\/uploads\/2019\/12\/gondar_fasilides_baeume.jpg\" rel=\"lightbox[3540]\"><img decoding=\"async\" loading=\"lazy\" class=\"aligncenter size-full wp-image-3543\" src=\"http:\/\/skarr.de\/wordpress\/wp-content\/uploads\/2019\/12\/gondar_fasilides_baeume.jpg\" alt=\"\" width=\"964\" height=\"1444\" srcset=\"http:\/\/skarr.de\/wordpress\/wp-content\/uploads\/2019\/12\/gondar_fasilides_baeume.jpg 964w, http:\/\/skarr.de\/wordpress\/wp-content\/uploads\/2019\/12\/gondar_fasilides_baeume-200x300.jpg 200w, http:\/\/skarr.de\/wordpress\/wp-content\/uploads\/2019\/12\/gondar_fasilides_baeume-768x1150.jpg 768w, http:\/\/skarr.de\/wordpress\/wp-content\/uploads\/2019\/12\/gondar_fasilides_baeume-684x1024.jpg 684w\" sizes=\"(max-width: 964px) 100vw, 964px\" \/><\/a><span style=\"color: #333333;\"><span style=\"color: #333300;\">Ein gr\u00fcnes Gebilde steht gegen\u00fcber dem Eingang zum Fasilides-Schloss: die mobile Schule von <em><a style=\"color: #333300;\" href=\"https:\/\/yenegetesfa.org\" target=\"_blank\" rel=\"noopener\">Yenege Tesfa<\/a>\u2013Hope for Tomorrow<\/em>. Eine Traube von Stra\u00dfenkindern steht an den ausziehbaren Tafeln, sie schreiben, rechnen, malen und knobeln an Lernspielen. Kommen sie selber nicht weiter, hilft ihnen einer der Lehrer, die die mobile Schule betreuen. F\u00fcr einen dauerhaften Unterricht ist sie jedoch nicht gedacht. Sie soll ein erster Ankn\u00fcpfungspunkt sein, f\u00fcr das Lernen begeistern. Ziel ist, die Stra\u00dfenkinder zu registrieren und in das Schulprogramm von <em>Yenege Tesfa<\/em> aufzunehmen. Dort bekommen sie nicht nur Unterricht, sondern auch einen Schlafplatz, Essen und Kleidung. Sofern sie regelm\u00e4\u00dfig in die Schule kommen. Ein Lehrer erz\u00e4hlt, dass er fr\u00fcher auch eines der Stra\u00dfenkinder gewesen sei. Nachdem er das Schulprogramm durchlaufen hatte, studierte er und unterrichtet nun selber. Weil er dabei helfen will, dass auch diese Kinder ihrem Leben eine neue Richtung geben k\u00f6nnen, so wie er fr\u00fcher. <\/span><\/p>\n<p><span style=\"color: #333300;\">Entstanden ist <em>Yenege Tesfa\u00a0<\/em>Anfang der 2000er-Jahre. Nigisti, eine Studentin aus Gondar, wollte etwas f\u00fcr die Kinder tun, die alleine auf den Stra\u00dfen ihrer Stadt lebten. Sie sammelte Lebensmittel, Kleider und andere Spenden. Dann \u00fcberlie\u00df ihr jemand einen Raum, in dem zumindest einige der Kinder Unterschlupf f\u00fcr die Nacht und etwas zu essen bekamen. Nach und nach wuchs das Hilfsprojekt, die Organisation wurde bei der Stadt offiziell registriert, Kontakte zu ausl\u00e4ndischen Partnern gekn\u00fcpft. Heute hat\u00a0<em>Yenege Tesfa <\/em>viele Mitarbeiter und engagiert sich\u00a0nicht nur in der Bildung f\u00fcr Stra\u00dfenkinder, sondern auch in Gesundheits- und Hygieneprojekten, bei der Hilfe und Ausbildung allein erziehender M\u00fctter und f\u00fchrt Migrationsprojekte in und um Gondar durch.\u00a0<\/span><br \/>\n<\/span><br \/>\n<a href=\"http:\/\/skarr.de\/wordpress\/wp-content\/uploads\/2019\/12\/gondar_mobileschule_yenegetesfa_6.jpg\" rel=\"lightbox[3540]\"><img decoding=\"async\" loading=\"lazy\" class=\"aligncenter size-full wp-image-3544\" src=\"http:\/\/skarr.de\/wordpress\/wp-content\/uploads\/2019\/12\/gondar_mobileschule_yenegetesfa_6.jpg\" alt=\"\" width=\"1407\" height=\"939\" srcset=\"http:\/\/skarr.de\/wordpress\/wp-content\/uploads\/2019\/12\/gondar_mobileschule_yenegetesfa_6.jpg 1407w, http:\/\/skarr.de\/wordpress\/wp-content\/uploads\/2019\/12\/gondar_mobileschule_yenegetesfa_6-300x200.jpg 300w, http:\/\/skarr.de\/wordpress\/wp-content\/uploads\/2019\/12\/gondar_mobileschule_yenegetesfa_6-768x513.jpg 768w, http:\/\/skarr.de\/wordpress\/wp-content\/uploads\/2019\/12\/gondar_mobileschule_yenegetesfa_6-1024x683.jpg 1024w\" sizes=\"(max-width: 1407px) 100vw, 1407px\" \/><\/a><a href=\"http:\/\/skarr.de\/wordpress\/wp-content\/uploads\/2019\/12\/gondar_mobileschule_yenegetesfa_5.jpg\" rel=\"lightbox[3540]\"><img decoding=\"async\" loading=\"lazy\" class=\"aligncenter size-full wp-image-3549\" src=\"http:\/\/skarr.de\/wordpress\/wp-content\/uploads\/2019\/12\/gondar_mobileschule_yenegetesfa_5.jpg\" alt=\"\" width=\"1444\" height=\"964\" srcset=\"http:\/\/skarr.de\/wordpress\/wp-content\/uploads\/2019\/12\/gondar_mobileschule_yenegetesfa_5.jpg 1444w, http:\/\/skarr.de\/wordpress\/wp-content\/uploads\/2019\/12\/gondar_mobileschule_yenegetesfa_5-300x200.jpg 300w, http:\/\/skarr.de\/wordpress\/wp-content\/uploads\/2019\/12\/gondar_mobileschule_yenegetesfa_5-768x513.jpg 768w, http:\/\/skarr.de\/wordpress\/wp-content\/uploads\/2019\/12\/gondar_mobileschule_yenegetesfa_5-1024x684.jpg 1024w\" sizes=\"(max-width: 1444px) 100vw, 1444px\" \/><\/a><a href=\"http:\/\/skarr.de\/wordpress\/wp-content\/uploads\/2019\/12\/gondar_mobileschule_yenegetesfa_4.jpg\" rel=\"lightbox[3540]\"><img decoding=\"async\" loading=\"lazy\" class=\"aligncenter size-full wp-image-3548\" src=\"http:\/\/skarr.de\/wordpress\/wp-content\/uploads\/2019\/12\/gondar_mobileschule_yenegetesfa_4.jpg\" alt=\"\" width=\"922\" height=\"1381\" srcset=\"http:\/\/skarr.de\/wordpress\/wp-content\/uploads\/2019\/12\/gondar_mobileschule_yenegetesfa_4.jpg 922w, http:\/\/skarr.de\/wordpress\/wp-content\/uploads\/2019\/12\/gondar_mobileschule_yenegetesfa_4-200x300.jpg 200w, http:\/\/skarr.de\/wordpress\/wp-content\/uploads\/2019\/12\/gondar_mobileschule_yenegetesfa_4-768x1150.jpg 768w, http:\/\/skarr.de\/wordpress\/wp-content\/uploads\/2019\/12\/gondar_mobileschule_yenegetesfa_4-684x1024.jpg 684w\" sizes=\"(max-width: 922px) 100vw, 922px\" \/><\/a><a href=\"http:\/\/skarr.de\/wordpress\/wp-content\/uploads\/2019\/12\/gondar_mobileschule_yenegetesfa_2.jpg\" rel=\"lightbox[3540]\"><img decoding=\"async\" loading=\"lazy\" class=\"aligncenter size-full wp-image-3546\" src=\"http:\/\/skarr.de\/wordpress\/wp-content\/uploads\/2019\/12\/gondar_mobileschule_yenegetesfa_2.jpg\" alt=\"\" width=\"905\" height=\"1355\" srcset=\"http:\/\/skarr.de\/wordpress\/wp-content\/uploads\/2019\/12\/gondar_mobileschule_yenegetesfa_2.jpg 905w, http:\/\/skarr.de\/wordpress\/wp-content\/uploads\/2019\/12\/gondar_mobileschule_yenegetesfa_2-200x300.jpg 200w, http:\/\/skarr.de\/wordpress\/wp-content\/uploads\/2019\/12\/gondar_mobileschule_yenegetesfa_2-768x1150.jpg 768w, http:\/\/skarr.de\/wordpress\/wp-content\/uploads\/2019\/12\/gondar_mobileschule_yenegetesfa_2-684x1024.jpg 684w\" sizes=\"(max-width: 905px) 100vw, 905px\" \/><\/a><a href=\"http:\/\/skarr.de\/wordpress\/wp-content\/uploads\/2019\/12\/gondar_mobileschule_yenegetesfa_3.jpg\" rel=\"lightbox[3540]\"><img decoding=\"async\" loading=\"lazy\" class=\"aligncenter size-full wp-image-3547\" src=\"http:\/\/skarr.de\/wordpress\/wp-content\/uploads\/2019\/12\/gondar_mobileschule_yenegetesfa_3.jpg\" alt=\"\" width=\"964\" height=\"1444\" srcset=\"http:\/\/skarr.de\/wordpress\/wp-content\/uploads\/2019\/12\/gondar_mobileschule_yenegetesfa_3.jpg 964w, http:\/\/skarr.de\/wordpress\/wp-content\/uploads\/2019\/12\/gondar_mobileschule_yenegetesfa_3-200x300.jpg 200w, http:\/\/skarr.de\/wordpress\/wp-content\/uploads\/2019\/12\/gondar_mobileschule_yenegetesfa_3-768x1150.jpg 768w, http:\/\/skarr.de\/wordpress\/wp-content\/uploads\/2019\/12\/gondar_mobileschule_yenegetesfa_3-684x1024.jpg 684w\" sizes=\"(max-width: 964px) 100vw, 964px\" \/><\/a><a href=\"http:\/\/skarr.de\/wordpress\/wp-content\/uploads\/2019\/12\/gondar_mobileschule_yenegetesfa_1.jpg\" rel=\"lightbox[3540]\"><img decoding=\"async\" loading=\"lazy\" class=\"aligncenter size-full wp-image-3545\" src=\"http:\/\/skarr.de\/wordpress\/wp-content\/uploads\/2019\/12\/gondar_mobileschule_yenegetesfa_1.jpg\" alt=\"\" width=\"1444\" height=\"964\" srcset=\"http:\/\/skarr.de\/wordpress\/wp-content\/uploads\/2019\/12\/gondar_mobileschule_yenegetesfa_1.jpg 1444w, http:\/\/skarr.de\/wordpress\/wp-content\/uploads\/2019\/12\/gondar_mobileschule_yenegetesfa_1-300x200.jpg 300w, http:\/\/skarr.de\/wordpress\/wp-content\/uploads\/2019\/12\/gondar_mobileschule_yenegetesfa_1-768x513.jpg 768w, http:\/\/skarr.de\/wordpress\/wp-content\/uploads\/2019\/12\/gondar_mobileschule_yenegetesfa_1-1024x684.jpg 1024w\" sizes=\"(max-width: 1444px) 100vw, 1444px\" \/><\/a><a href=\"http:\/\/skarr.de\/wordpress\/wp-content\/uploads\/2019\/12\/gondar_strasse.jpg\" rel=\"lightbox[3540]\"><img decoding=\"async\" loading=\"lazy\" class=\"aligncenter size-full wp-image-3552\" src=\"http:\/\/skarr.de\/wordpress\/wp-content\/uploads\/2019\/12\/gondar_strasse.jpg\" alt=\"\" width=\"937\" height=\"1404\" srcset=\"http:\/\/skarr.de\/wordpress\/wp-content\/uploads\/2019\/12\/gondar_strasse.jpg 937w, http:\/\/skarr.de\/wordpress\/wp-content\/uploads\/2019\/12\/gondar_strasse-200x300.jpg 200w, http:\/\/skarr.de\/wordpress\/wp-content\/uploads\/2019\/12\/gondar_strasse-768x1151.jpg 768w, http:\/\/skarr.de\/wordpress\/wp-content\/uploads\/2019\/12\/gondar_strasse-683x1024.jpg 683w\" sizes=\"(max-width: 937px) 100vw, 937px\" \/><\/a><a href=\"http:\/\/skarr.de\/wordpress\/wp-content\/uploads\/2019\/12\/gondar_schulbus.jpg\" rel=\"lightbox[3540]\"><img decoding=\"async\" loading=\"lazy\" class=\"aligncenter size-full wp-image-3551\" src=\"http:\/\/skarr.de\/wordpress\/wp-content\/uploads\/2019\/12\/gondar_schulbus.jpg\" alt=\"\" width=\"964\" height=\"1444\" srcset=\"http:\/\/skarr.de\/wordpress\/wp-content\/uploads\/2019\/12\/gondar_schulbus.jpg 964w, http:\/\/skarr.de\/wordpress\/wp-content\/uploads\/2019\/12\/gondar_schulbus-200x300.jpg 200w, http:\/\/skarr.de\/wordpress\/wp-content\/uploads\/2019\/12\/gondar_schulbus-768x1150.jpg 768w, http:\/\/skarr.de\/wordpress\/wp-content\/uploads\/2019\/12\/gondar_schulbus-684x1024.jpg 684w\" sizes=\"(max-width: 964px) 100vw, 964px\" \/><\/a><a href=\"http:\/\/skarr.de\/wordpress\/wp-content\/uploads\/2019\/12\/gondar_daecher.jpg\" rel=\"lightbox[3540]\"><img decoding=\"async\" loading=\"lazy\" class=\"aligncenter size-full wp-image-3553\" src=\"http:\/\/skarr.de\/wordpress\/wp-content\/uploads\/2019\/12\/gondar_daecher.jpg\" alt=\"\" width=\"1444\" height=\"964\" srcset=\"http:\/\/skarr.de\/wordpress\/wp-content\/uploads\/2019\/12\/gondar_daecher.jpg 1444w, http:\/\/skarr.de\/wordpress\/wp-content\/uploads\/2019\/12\/gondar_daecher-300x200.jpg 300w, http:\/\/skarr.de\/wordpress\/wp-content\/uploads\/2019\/12\/gondar_daecher-768x513.jpg 768w, http:\/\/skarr.de\/wordpress\/wp-content\/uploads\/2019\/12\/gondar_daecher-1024x684.jpg 1024w\" sizes=\"(max-width: 1444px) 100vw, 1444px\" \/><\/a><a href=\"http:\/\/skarr.de\/wordpress\/wp-content\/uploads\/2019\/12\/gondar_weihnachtsstern.jpg\" rel=\"lightbox[3540]\"><img decoding=\"async\" loading=\"lazy\" class=\"aligncenter size-full wp-image-3555\" src=\"http:\/\/skarr.de\/wordpress\/wp-content\/uploads\/2019\/12\/gondar_weihnachtsstern.jpg\" alt=\"\" width=\"924\" height=\"1384\" srcset=\"http:\/\/skarr.de\/wordpress\/wp-content\/uploads\/2019\/12\/gondar_weihnachtsstern.jpg 924w, http:\/\/skarr.de\/wordpress\/wp-content\/uploads\/2019\/12\/gondar_weihnachtsstern-200x300.jpg 200w, http:\/\/skarr.de\/wordpress\/wp-content\/uploads\/2019\/12\/gondar_weihnachtsstern-768x1150.jpg 768w, http:\/\/skarr.de\/wordpress\/wp-content\/uploads\/2019\/12\/gondar_weihnachtsstern-684x1024.jpg 684w\" sizes=\"(max-width: 924px) 100vw, 924px\" \/><\/a><a href=\"http:\/\/skarr.de\/wordpress\/wp-content\/uploads\/2019\/12\/gondar_innenstadt.jpg\" rel=\"lightbox[3540]\"><img decoding=\"async\" loading=\"lazy\" class=\"aligncenter size-full wp-image-3556\" src=\"http:\/\/skarr.de\/wordpress\/wp-content\/uploads\/2019\/12\/gondar_innenstadt.jpg\" alt=\"\" width=\"1444\" height=\"964\" srcset=\"http:\/\/skarr.de\/wordpress\/wp-content\/uploads\/2019\/12\/gondar_innenstadt.jpg 1444w, http:\/\/skarr.de\/wordpress\/wp-content\/uploads\/2019\/12\/gondar_innenstadt-300x200.jpg 300w, http:\/\/skarr.de\/wordpress\/wp-content\/uploads\/2019\/12\/gondar_innenstadt-768x513.jpg 768w, http:\/\/skarr.de\/wordpress\/wp-content\/uploads\/2019\/12\/gondar_innenstadt-1024x684.jpg 1024w\" sizes=\"(max-width: 1444px) 100vw, 1444px\" \/><\/a><a href=\"http:\/\/skarr.de\/wordpress\/wp-content\/uploads\/2019\/12\/gondar_tuktuk_innen.jpg\" rel=\"lightbox[3540]\"><img decoding=\"async\" loading=\"lazy\" class=\"aligncenter size-full wp-image-3558\" src=\"http:\/\/skarr.de\/wordpress\/wp-content\/uploads\/2019\/12\/gondar_tuktuk_innen.jpg\" alt=\"\" width=\"1415\" height=\"945\" srcset=\"http:\/\/skarr.de\/wordpress\/wp-content\/uploads\/2019\/12\/gondar_tuktuk_innen.jpg 1415w, http:\/\/skarr.de\/wordpress\/wp-content\/uploads\/2019\/12\/gondar_tuktuk_innen-300x200.jpg 300w, http:\/\/skarr.de\/wordpress\/wp-content\/uploads\/2019\/12\/gondar_tuktuk_innen-768x513.jpg 768w, http:\/\/skarr.de\/wordpress\/wp-content\/uploads\/2019\/12\/gondar_tuktuk_innen-1024x684.jpg 1024w\" sizes=\"(max-width: 1415px) 100vw, 1415px\" \/><\/a><a href=\"http:\/\/skarr.de\/wordpress\/wp-content\/uploads\/2019\/12\/gondar_tuktuk_fahrer.jpg\" rel=\"lightbox[3540]\"><img decoding=\"async\" loading=\"lazy\" class=\"aligncenter size-full wp-image-3557\" src=\"http:\/\/skarr.de\/wordpress\/wp-content\/uploads\/2019\/12\/gondar_tuktuk_fahrer.jpg\" alt=\"\" width=\"948\" height=\"1419\" srcset=\"http:\/\/skarr.de\/wordpress\/wp-content\/uploads\/2019\/12\/gondar_tuktuk_fahrer.jpg 948w, http:\/\/skarr.de\/wordpress\/wp-content\/uploads\/2019\/12\/gondar_tuktuk_fahrer-200x300.jpg 200w, http:\/\/skarr.de\/wordpress\/wp-content\/uploads\/2019\/12\/gondar_tuktuk_fahrer-768x1150.jpg 768w, http:\/\/skarr.de\/wordpress\/wp-content\/uploads\/2019\/12\/gondar_tuktuk_fahrer-684x1024.jpg 684w\" sizes=\"(max-width: 948px) 100vw, 948px\" \/><\/a><a href=\"http:\/\/skarr.de\/wordpress\/wp-content\/uploads\/2019\/12\/gondar_wasserschloss_baeume.jpg\" rel=\"lightbox[3540]\"><img decoding=\"async\" loading=\"lazy\" class=\"aligncenter size-full wp-image-3560\" src=\"http:\/\/skarr.de\/wordpress\/wp-content\/uploads\/2019\/12\/gondar_wasserschloss_baeume.jpg\" alt=\"\" width=\"964\" height=\"1444\" srcset=\"http:\/\/skarr.de\/wordpress\/wp-content\/uploads\/2019\/12\/gondar_wasserschloss_baeume.jpg 964w, http:\/\/skarr.de\/wordpress\/wp-content\/uploads\/2019\/12\/gondar_wasserschloss_baeume-200x300.jpg 200w, http:\/\/skarr.de\/wordpress\/wp-content\/uploads\/2019\/12\/gondar_wasserschloss_baeume-768x1150.jpg 768w, http:\/\/skarr.de\/wordpress\/wp-content\/uploads\/2019\/12\/gondar_wasserschloss_baeume-684x1024.jpg 684w\" sizes=\"(max-width: 964px) 100vw, 964px\" \/><\/a><a href=\"http:\/\/skarr.de\/wordpress\/wp-content\/uploads\/2019\/12\/gondar_wurzeln.jpg\" rel=\"lightbox[3540]\"><img decoding=\"async\" loading=\"lazy\" class=\"aligncenter size-full wp-image-3563\" src=\"http:\/\/skarr.de\/wordpress\/wp-content\/uploads\/2019\/12\/gondar_wurzeln.jpg\" alt=\"\" width=\"964\" height=\"1444\" srcset=\"http:\/\/skarr.de\/wordpress\/wp-content\/uploads\/2019\/12\/gondar_wurzeln.jpg 964w, http:\/\/skarr.de\/wordpress\/wp-content\/uploads\/2019\/12\/gondar_wurzeln-200x300.jpg 200w, http:\/\/skarr.de\/wordpress\/wp-content\/uploads\/2019\/12\/gondar_wurzeln-768x1150.jpg 768w, http:\/\/skarr.de\/wordpress\/wp-content\/uploads\/2019\/12\/gondar_wurzeln-684x1024.jpg 684w\" sizes=\"(max-width: 964px) 100vw, 964px\" \/><\/a><a href=\"http:\/\/skarr.de\/wordpress\/wp-content\/uploads\/2019\/12\/gondar_wasserschloss.jpg\" rel=\"lightbox[3540]\"><img decoding=\"async\" loading=\"lazy\" class=\"aligncenter size-full wp-image-3562\" src=\"http:\/\/skarr.de\/wordpress\/wp-content\/uploads\/2019\/12\/gondar_wasserschloss.jpg\" alt=\"\" width=\"940\" height=\"1407\" srcset=\"http:\/\/skarr.de\/wordpress\/wp-content\/uploads\/2019\/12\/gondar_wasserschloss.jpg 940w, http:\/\/skarr.de\/wordpress\/wp-content\/uploads\/2019\/12\/gondar_wasserschloss-200x300.jpg 200w, http:\/\/skarr.de\/wordpress\/wp-content\/uploads\/2019\/12\/gondar_wasserschloss-768x1150.jpg 768w, http:\/\/skarr.de\/wordpress\/wp-content\/uploads\/2019\/12\/gondar_wasserschloss-684x1024.jpg 684w\" sizes=\"(max-width: 940px) 100vw, 940px\" \/><\/a><a href=\"http:\/\/skarr.de\/wordpress\/wp-content\/uploads\/2019\/12\/gondar_wasserschloss_durchgang.jpg\" rel=\"lightbox[3540]\"><img decoding=\"async\" loading=\"lazy\" class=\"aligncenter size-full wp-image-3561\" src=\"http:\/\/skarr.de\/wordpress\/wp-content\/uploads\/2019\/12\/gondar_wasserschloss_durchgang.jpg\" alt=\"\" width=\"964\" height=\"1444\" srcset=\"http:\/\/skarr.de\/wordpress\/wp-content\/uploads\/2019\/12\/gondar_wasserschloss_durchgang.jpg 964w, http:\/\/skarr.de\/wordpress\/wp-content\/uploads\/2019\/12\/gondar_wasserschloss_durchgang-200x300.jpg 200w, http:\/\/skarr.de\/wordpress\/wp-content\/uploads\/2019\/12\/gondar_wasserschloss_durchgang-768x1150.jpg 768w, http:\/\/skarr.de\/wordpress\/wp-content\/uploads\/2019\/12\/gondar_wasserschloss_durchgang-684x1024.jpg 684w\" sizes=\"(max-width: 964px) 100vw, 964px\" \/><\/a><a href=\"http:\/\/skarr.de\/wordpress\/wp-content\/uploads\/2019\/12\/gondar_mopedplatz.jpg\" rel=\"lightbox[3540]\"><img decoding=\"async\" loading=\"lazy\" class=\"aligncenter size-full wp-image-3565\" src=\"http:\/\/skarr.de\/wordpress\/wp-content\/uploads\/2019\/12\/gondar_mopedplatz.jpg\" alt=\"\" width=\"1444\" height=\"964\" srcset=\"http:\/\/skarr.de\/wordpress\/wp-content\/uploads\/2019\/12\/gondar_mopedplatz.jpg 1444w, http:\/\/skarr.de\/wordpress\/wp-content\/uploads\/2019\/12\/gondar_mopedplatz-300x200.jpg 300w, http:\/\/skarr.de\/wordpress\/wp-content\/uploads\/2019\/12\/gondar_mopedplatz-768x513.jpg 768w, http:\/\/skarr.de\/wordpress\/wp-content\/uploads\/2019\/12\/gondar_mopedplatz-1024x684.jpg 1024w\" sizes=\"(max-width: 1444px) 100vw, 1444px\" \/><\/a><a href=\"http:\/\/skarr.de\/wordpress\/wp-content\/uploads\/2019\/12\/gondar_seitengasse.jpg\" rel=\"lightbox[3540]\"><img decoding=\"async\" loading=\"lazy\" class=\"aligncenter size-full wp-image-3566\" src=\"http:\/\/skarr.de\/wordpress\/wp-content\/uploads\/2019\/12\/gondar_seitengasse.jpg\" alt=\"\" width=\"1444\" height=\"964\" srcset=\"http:\/\/skarr.de\/wordpress\/wp-content\/uploads\/2019\/12\/gondar_seitengasse.jpg 1444w, http:\/\/skarr.de\/wordpress\/wp-content\/uploads\/2019\/12\/gondar_seitengasse-300x200.jpg 300w, http:\/\/skarr.de\/wordpress\/wp-content\/uploads\/2019\/12\/gondar_seitengasse-768x513.jpg 768w, http:\/\/skarr.de\/wordpress\/wp-content\/uploads\/2019\/12\/gondar_seitengasse-1024x684.jpg 1024w\" sizes=\"(max-width: 1444px) 100vw, 1444px\" \/><\/a><a href=\"http:\/\/skarr.de\/wordpress\/wp-content\/uploads\/2019\/12\/gondar_tuktuk.jpg\" rel=\"lightbox[3540]\"><img decoding=\"async\" loading=\"lazy\" class=\"aligncenter size-full wp-image-3568\" src=\"http:\/\/skarr.de\/wordpress\/wp-content\/uploads\/2019\/12\/gondar_tuktuk.jpg\" alt=\"\" width=\"964\" height=\"1444\" srcset=\"http:\/\/skarr.de\/wordpress\/wp-content\/uploads\/2019\/12\/gondar_tuktuk.jpg 964w, http:\/\/skarr.de\/wordpress\/wp-content\/uploads\/2019\/12\/gondar_tuktuk-200x300.jpg 200w, http:\/\/skarr.de\/wordpress\/wp-content\/uploads\/2019\/12\/gondar_tuktuk-768x1150.jpg 768w, http:\/\/skarr.de\/wordpress\/wp-content\/uploads\/2019\/12\/gondar_tuktuk-684x1024.jpg 684w\" sizes=\"(max-width: 964px) 100vw, 964px\" \/><\/a><a href=\"http:\/\/skarr.de\/wordpress\/wp-content\/uploads\/2019\/12\/gondar_strassenmarkt.jpg\" rel=\"lightbox[3540]\"><img decoding=\"async\" loading=\"lazy\" class=\"aligncenter size-full wp-image-3567\" src=\"http:\/\/skarr.de\/wordpress\/wp-content\/uploads\/2019\/12\/gondar_strassenmarkt.jpg\" alt=\"\" width=\"1376\" height=\"918\" srcset=\"http:\/\/skarr.de\/wordpress\/wp-content\/uploads\/2019\/12\/gondar_strassenmarkt.jpg 1376w, http:\/\/skarr.de\/wordpress\/wp-content\/uploads\/2019\/12\/gondar_strassenmarkt-300x200.jpg 300w, http:\/\/skarr.de\/wordpress\/wp-content\/uploads\/2019\/12\/gondar_strassenmarkt-768x512.jpg 768w, http:\/\/skarr.de\/wordpress\/wp-content\/uploads\/2019\/12\/gondar_strassenmarkt-1024x683.jpg 1024w\" sizes=\"(max-width: 1376px) 100vw, 1376px\" \/><\/a><a href=\"http:\/\/skarr.de\/wordpress\/wp-content\/uploads\/2019\/12\/gondar_verkaeuferin.jpg\" rel=\"lightbox[3540]\"><img decoding=\"async\" loading=\"lazy\" class=\"aligncenter size-full wp-image-3569\" src=\"http:\/\/skarr.de\/wordpress\/wp-content\/uploads\/2019\/12\/gondar_verkaeuferin.jpg\" alt=\"\" width=\"1444\" height=\"964\" srcset=\"http:\/\/skarr.de\/wordpress\/wp-content\/uploads\/2019\/12\/gondar_verkaeuferin.jpg 1444w, http:\/\/skarr.de\/wordpress\/wp-content\/uploads\/2019\/12\/gondar_verkaeuferin-300x200.jpg 300w, http:\/\/skarr.de\/wordpress\/wp-content\/uploads\/2019\/12\/gondar_verkaeuferin-768x513.jpg 768w, http:\/\/skarr.de\/wordpress\/wp-content\/uploads\/2019\/12\/gondar_verkaeuferin-1024x684.jpg 1024w\" sizes=\"(max-width: 1444px) 100vw, 1444px\" \/><\/a><a href=\"http:\/\/skarr.de\/wordpress\/wp-content\/uploads\/2019\/12\/gondar_nachdemgottesdienst.jpg\" rel=\"lightbox[3540]\"><img decoding=\"async\" loading=\"lazy\" class=\"aligncenter size-full wp-image-3570\" src=\"http:\/\/skarr.de\/wordpress\/wp-content\/uploads\/2019\/12\/gondar_nachdemgottesdienst.jpg\" alt=\"\" width=\"929\" height=\"1391\" srcset=\"http:\/\/skarr.de\/wordpress\/wp-content\/uploads\/2019\/12\/gondar_nachdemgottesdienst.jpg 929w, http:\/\/skarr.de\/wordpress\/wp-content\/uploads\/2019\/12\/gondar_nachdemgottesdienst-200x300.jpg 200w, http:\/\/skarr.de\/wordpress\/wp-content\/uploads\/2019\/12\/gondar_nachdemgottesdienst-768x1150.jpg 768w, http:\/\/skarr.de\/wordpress\/wp-content\/uploads\/2019\/12\/gondar_nachdemgottesdienst-684x1024.jpg 684w\" sizes=\"(max-width: 929px) 100vw, 929px\" \/><\/a><a href=\"http:\/\/skarr.de\/wordpress\/wp-content\/uploads\/2019\/12\/gondar_debrebirhalselassie_saeulengang.jpg\" rel=\"lightbox[3540]\"><img decoding=\"async\" loading=\"lazy\" class=\"aligncenter size-full wp-image-3577\" src=\"http:\/\/skarr.de\/wordpress\/wp-content\/uploads\/2019\/12\/gondar_debrebirhalselassie_saeulengang.jpg\" alt=\"\" width=\"964\" height=\"1444\" srcset=\"http:\/\/skarr.de\/wordpress\/wp-content\/uploads\/2019\/12\/gondar_debrebirhalselassie_saeulengang.jpg 964w, http:\/\/skarr.de\/wordpress\/wp-content\/uploads\/2019\/12\/gondar_debrebirhalselassie_saeulengang-200x300.jpg 200w, http:\/\/skarr.de\/wordpress\/wp-content\/uploads\/2019\/12\/gondar_debrebirhalselassie_saeulengang-768x1150.jpg 768w, http:\/\/skarr.de\/wordpress\/wp-content\/uploads\/2019\/12\/gondar_debrebirhalselassie_saeulengang-684x1024.jpg 684w\" sizes=\"(max-width: 964px) 100vw, 964px\" \/><\/a><a href=\"http:\/\/skarr.de\/wordpress\/wp-content\/uploads\/2019\/12\/gondar_debrebirhalselassie_pfarrer.jpg\" rel=\"lightbox[3540]\"><img decoding=\"async\" loading=\"lazy\" class=\"aligncenter size-full wp-image-3576\" src=\"http:\/\/skarr.de\/wordpress\/wp-content\/uploads\/2019\/12\/gondar_debrebirhalselassie_pfarrer.jpg\" alt=\"\" width=\"964\" height=\"1444\" srcset=\"http:\/\/skarr.de\/wordpress\/wp-content\/uploads\/2019\/12\/gondar_debrebirhalselassie_pfarrer.jpg 964w, http:\/\/skarr.de\/wordpress\/wp-content\/uploads\/2019\/12\/gondar_debrebirhalselassie_pfarrer-200x300.jpg 200w, http:\/\/skarr.de\/wordpress\/wp-content\/uploads\/2019\/12\/gondar_debrebirhalselassie_pfarrer-768x1150.jpg 768w, http:\/\/skarr.de\/wordpress\/wp-content\/uploads\/2019\/12\/gondar_debrebirhalselassie_pfarrer-684x1024.jpg 684w\" sizes=\"(max-width: 964px) 100vw, 964px\" \/><\/a><a href=\"http:\/\/skarr.de\/wordpress\/wp-content\/uploads\/2019\/12\/gondar_debrebirhalselassie_marien.jpg\" rel=\"lightbox[3540]\"><img decoding=\"async\" loading=\"lazy\" class=\"aligncenter size-full wp-image-3575\" src=\"http:\/\/skarr.de\/wordpress\/wp-content\/uploads\/2019\/12\/gondar_debrebirhalselassie_marien.jpg\" alt=\"\" width=\"1417\" height=\"946\" srcset=\"http:\/\/skarr.de\/wordpress\/wp-content\/uploads\/2019\/12\/gondar_debrebirhalselassie_marien.jpg 1417w, http:\/\/skarr.de\/wordpress\/wp-content\/uploads\/2019\/12\/gondar_debrebirhalselassie_marien-300x200.jpg 300w, http:\/\/skarr.de\/wordpress\/wp-content\/uploads\/2019\/12\/gondar_debrebirhalselassie_marien-768x513.jpg 768w, http:\/\/skarr.de\/wordpress\/wp-content\/uploads\/2019\/12\/gondar_debrebirhalselassie_marien-1024x684.jpg 1024w\" sizes=\"(max-width: 1417px) 100vw, 1417px\" \/><\/a><a href=\"http:\/\/skarr.de\/wordpress\/wp-content\/uploads\/2019\/12\/gondar_debrebirhalselassie_kanzel.jpg\" rel=\"lightbox[3540]\"><img decoding=\"async\" loading=\"lazy\" class=\"aligncenter size-full wp-image-3574\" src=\"http:\/\/skarr.de\/wordpress\/wp-content\/uploads\/2019\/12\/gondar_debrebirhalselassie_kanzel.jpg\" alt=\"\" width=\"909\" height=\"1362\" srcset=\"http:\/\/skarr.de\/wordpress\/wp-content\/uploads\/2019\/12\/gondar_debrebirhalselassie_kanzel.jpg 909w, http:\/\/skarr.de\/wordpress\/wp-content\/uploads\/2019\/12\/gondar_debrebirhalselassie_kanzel-200x300.jpg 200w, http:\/\/skarr.de\/wordpress\/wp-content\/uploads\/2019\/12\/gondar_debrebirhalselassie_kanzel-768x1151.jpg 768w, http:\/\/skarr.de\/wordpress\/wp-content\/uploads\/2019\/12\/gondar_debrebirhalselassie_kanzel-683x1024.jpg 683w\" sizes=\"(max-width: 909px) 100vw, 909px\" \/><\/a><a href=\"http:\/\/skarr.de\/wordpress\/wp-content\/uploads\/2019\/12\/gondar_debrebirhalselassie_engel.jpg\" rel=\"lightbox[3540]\"><img decoding=\"async\" loading=\"lazy\" class=\"aligncenter size-full wp-image-3571\" src=\"http:\/\/skarr.de\/wordpress\/wp-content\/uploads\/2019\/12\/gondar_debrebirhalselassie_engel.jpg\" alt=\"\" width=\"1408\" height=\"940\" srcset=\"http:\/\/skarr.de\/wordpress\/wp-content\/uploads\/2019\/12\/gondar_debrebirhalselassie_engel.jpg 1408w, http:\/\/skarr.de\/wordpress\/wp-content\/uploads\/2019\/12\/gondar_debrebirhalselassie_engel-300x200.jpg 300w, http:\/\/skarr.de\/wordpress\/wp-content\/uploads\/2019\/12\/gondar_debrebirhalselassie_engel-768x513.jpg 768w, http:\/\/skarr.de\/wordpress\/wp-content\/uploads\/2019\/12\/gondar_debrebirhalselassie_engel-1024x684.jpg 1024w\" sizes=\"(max-width: 1408px) 100vw, 1408px\" \/><\/a><a href=\"http:\/\/skarr.de\/wordpress\/wp-content\/uploads\/2019\/12\/gondar_debrebirhalselassie_heilige.jpg\" rel=\"lightbox[3540]\"><img decoding=\"async\" loading=\"lazy\" class=\"aligncenter size-full wp-image-3573\" src=\"http:\/\/skarr.de\/wordpress\/wp-content\/uploads\/2019\/12\/gondar_debrebirhalselassie_heilige.jpg\" alt=\"\" width=\"964\" height=\"1444\" srcset=\"http:\/\/skarr.de\/wordpress\/wp-content\/uploads\/2019\/12\/gondar_debrebirhalselassie_heilige.jpg 964w, http:\/\/skarr.de\/wordpress\/wp-content\/uploads\/2019\/12\/gondar_debrebirhalselassie_heilige-200x300.jpg 200w, http:\/\/skarr.de\/wordpress\/wp-content\/uploads\/2019\/12\/gondar_debrebirhalselassie_heilige-768x1150.jpg 768w, http:\/\/skarr.de\/wordpress\/wp-content\/uploads\/2019\/12\/gondar_debrebirhalselassie_heilige-684x1024.jpg 684w\" sizes=\"(max-width: 964px) 100vw, 964px\" \/><\/a><a href=\"http:\/\/skarr.de\/wordpress\/wp-content\/uploads\/2019\/12\/gondar_debrebirhalselassie_fenster.jpg\" rel=\"lightbox[3540]\"><img decoding=\"async\" loading=\"lazy\" class=\"aligncenter size-full wp-image-3572\" src=\"http:\/\/skarr.de\/wordpress\/wp-content\/uploads\/2019\/12\/gondar_debrebirhalselassie_fenster.jpg\" alt=\"\" width=\"964\" height=\"1444\" srcset=\"http:\/\/skarr.de\/wordpress\/wp-content\/uploads\/2019\/12\/gondar_debrebirhalselassie_fenster.jpg 964w, http:\/\/skarr.de\/wordpress\/wp-content\/uploads\/2019\/12\/gondar_debrebirhalselassie_fenster-200x300.jpg 200w, http:\/\/skarr.de\/wordpress\/wp-content\/uploads\/2019\/12\/gondar_debrebirhalselassie_fenster-768x1150.jpg 768w, http:\/\/skarr.de\/wordpress\/wp-content\/uploads\/2019\/12\/gondar_debrebirhalselassie_fenster-684x1024.jpg 684w\" sizes=\"(max-width: 964px) 100vw, 964px\" \/><\/a><a href=\"http:\/\/skarr.de\/wordpress\/wp-content\/uploads\/2019\/12\/gondar_debrebirhalselassie_kirchendiener.jpg\" rel=\"lightbox[3540]\"><img decoding=\"async\" loading=\"lazy\" class=\"aligncenter size-full wp-image-3578\" src=\"http:\/\/skarr.de\/wordpress\/wp-content\/uploads\/2019\/12\/gondar_debrebirhalselassie_kirchendiener.jpg\" alt=\"\" width=\"1444\" height=\"964\" srcset=\"http:\/\/skarr.de\/wordpress\/wp-content\/uploads\/2019\/12\/gondar_debrebirhalselassie_kirchendiener.jpg 1444w, http:\/\/skarr.de\/wordpress\/wp-content\/uploads\/2019\/12\/gondar_debrebirhalselassie_kirchendiener-300x200.jpg 300w, http:\/\/skarr.de\/wordpress\/wp-content\/uploads\/2019\/12\/gondar_debrebirhalselassie_kirchendiener-768x513.jpg 768w, http:\/\/skarr.de\/wordpress\/wp-content\/uploads\/2019\/12\/gondar_debrebirhalselassie_kirchendiener-1024x684.jpg 1024w\" sizes=\"(max-width: 1444px) 100vw, 1444px\" \/><\/a><a href=\"http:\/\/skarr.de\/wordpress\/wp-content\/uploads\/2019\/12\/gondar_nachdemgottesdienst_2.jpg\" rel=\"lightbox[3540]\"><img decoding=\"async\" loading=\"lazy\" class=\"aligncenter size-full wp-image-3579\" src=\"http:\/\/skarr.de\/wordpress\/wp-content\/uploads\/2019\/12\/gondar_nachdemgottesdienst_2.jpg\" alt=\"\" width=\"926\" height=\"1387\" srcset=\"http:\/\/skarr.de\/wordpress\/wp-content\/uploads\/2019\/12\/gondar_nachdemgottesdienst_2.jpg 926w, http:\/\/skarr.de\/wordpress\/wp-content\/uploads\/2019\/12\/gondar_nachdemgottesdienst_2-200x300.jpg 200w, http:\/\/skarr.de\/wordpress\/wp-content\/uploads\/2019\/12\/gondar_nachdemgottesdienst_2-768x1150.jpg 768w, http:\/\/skarr.de\/wordpress\/wp-content\/uploads\/2019\/12\/gondar_nachdemgottesdienst_2-684x1024.jpg 684w\" sizes=\"(max-width: 926px) 100vw, 926px\" \/><\/a><a href=\"http:\/\/skarr.de\/wordpress\/wp-content\/uploads\/2019\/12\/gondar_friseurhuette.jpg\" rel=\"lightbox[3540]\"><img decoding=\"async\" loading=\"lazy\" class=\"aligncenter size-full wp-image-3580\" src=\"http:\/\/skarr.de\/wordpress\/wp-content\/uploads\/2019\/12\/gondar_friseurhuette.jpg\" alt=\"\" width=\"1444\" height=\"964\" srcset=\"http:\/\/skarr.de\/wordpress\/wp-content\/uploads\/2019\/12\/gondar_friseurhuette.jpg 1444w, http:\/\/skarr.de\/wordpress\/wp-content\/uploads\/2019\/12\/gondar_friseurhuette-300x200.jpg 300w, http:\/\/skarr.de\/wordpress\/wp-content\/uploads\/2019\/12\/gondar_friseurhuette-768x513.jpg 768w, http:\/\/skarr.de\/wordpress\/wp-content\/uploads\/2019\/12\/gondar_friseurhuette-1024x684.jpg 1024w\" sizes=\"(max-width: 1444px) 100vw, 1444px\" \/><\/a><a href=\"http:\/\/skarr.de\/wordpress\/wp-content\/uploads\/2019\/12\/gondar_werkstatt.jpg\" rel=\"lightbox[3540]\"><img decoding=\"async\" loading=\"lazy\" class=\"aligncenter size-full wp-image-3581\" src=\"http:\/\/skarr.de\/wordpress\/wp-content\/uploads\/2019\/12\/gondar_werkstatt.jpg\" alt=\"\" width=\"1701\" height=\"1276\" srcset=\"http:\/\/skarr.de\/wordpress\/wp-content\/uploads\/2019\/12\/gondar_werkstatt.jpg 1701w, http:\/\/skarr.de\/wordpress\/wp-content\/uploads\/2019\/12\/gondar_werkstatt-300x225.jpg 300w, http:\/\/skarr.de\/wordpress\/wp-content\/uploads\/2019\/12\/gondar_werkstatt-768x576.jpg 768w, http:\/\/skarr.de\/wordpress\/wp-content\/uploads\/2019\/12\/gondar_werkstatt-1024x768.jpg 1024w\" sizes=\"(max-width: 1701px) 100vw, 1701px\" \/><\/a><\/p>\n","protected":false},"excerpt":{"rendered":"<p>Ein gr\u00fcnes Gebilde steht gegen\u00fcber dem Eingang zum Fasilides-Schloss: die mobile Schule von Yenege Tesfa\u2013Hope for Tomorrow. Eine Traube von Stra\u00dfenkindern steht an den ausziehbaren Tafeln, sie schreiben, rechnen, malen und knobeln an Lernspielen. Kommen sie selber nicht weiter, hilft &hellip; <a href=\"http:\/\/skarr.de\/?p=3540\">Weiterlesen <span class=\"meta-nav\">&rarr;<\/span><\/a><\/p>\n","protected":false},"author":1,"featured_media":0,"comment_status":"closed","ping_status":"closed","sticky":false,"template":"","format":"standard","meta":[],"categories":[4],"tags":[],"_links":{"self":[{"href":"http:\/\/skarr.de\/index.php?rest_route=\/wp\/v2\/posts\/3540"}],"collection":[{"href":"http:\/\/skarr.de\/index.php?rest_route=\/wp\/v2\/posts"}],"about":[{"href":"http:\/\/skarr.de\/index.php?rest_route=\/wp\/v2\/types\/post"}],"author":[{"embeddable":true,"href":"http:\/\/skarr.de\/index.php?rest_route=\/wp\/v2\/users\/1"}],"replies":[{"embeddable":true,"href":"http:\/\/skarr.de\/index.php?rest_route=%2Fwp%2Fv2%2Fcomments&post=3540"}],"version-history":[{"count":9,"href":"http:\/\/skarr.de\/index.php?rest_route=\/wp\/v2\/posts\/3540\/revisions"}],"predecessor-version":[{"id":3587,"href":"http:\/\/skarr.de\/index.php?rest_route=\/wp\/v2\/posts\/3540\/revisions\/3587"}],"wp:attachment":[{"href":"http:\/\/skarr.de\/index.php?rest_route=%2Fwp%2Fv2%2Fmedia&parent=3540"}],"wp:term":[{"taxonomy":"category","embeddable":true,"href":"http:\/\/skarr.de\/index.php?rest_route=%2Fwp%2Fv2%2Fcategories&post=3540"},{"taxonomy":"post_tag","embeddable":true,"href":"http:\/\/skarr.de\/index.php?rest_route=%2Fwp%2Fv2%2Ftags&post=3540"}],"curies":[{"name":"wp","href":"https:\/\/api.w.org\/{rel}","templated":true}]}}