{"id":3404,"date":"2019-12-16T16:17:58","date_gmt":"2019-12-16T14:17:58","guid":{"rendered":"http:\/\/skarr.de\/?p=3404"},"modified":"2019-12-16T16:17:58","modified_gmt":"2019-12-16T14:17:58","slug":"addis-abeba-die-neue-blume","status":"publish","type":"post","link":"http:\/\/skarr.de\/?p=3404","title":{"rendered":"addis abeba \u2013 die neue blume"},"content":{"rendered":"<p>Glei\u00dfendes Morgenlicht. Eine Brachfl\u00e4che vor dem Eingang unseres Guesthouses, auf der sich staubige Pflanzen der Trockenheit widersetzen. Dahinter ein Zaun, an dem eine kleine Wellblechh\u00fctte steht. Im dunklen T\u00fcrrahmen glitzert es kurz. Dann tritt eine Frau in einem roten Paillettenkleid heraus. Das erste Bild von Addis bei Tag, nicht fotografiert, aber in der Erinnerung gespeichert.<\/p>\n<p><a href=\"http:\/\/skarr.de\/wordpress\/wp-content\/uploads\/2019\/11\/addis_meskel_panorama.jpg\" rel=\"lightbox[3404]\"><img decoding=\"async\" loading=\"lazy\" class=\"aligncenter size-full wp-image-3405\" src=\"http:\/\/skarr.de\/wordpress\/wp-content\/uploads\/2019\/11\/addis_meskel_panorama.jpg\" alt=\"\" width=\"4161\" height=\"847\" srcset=\"http:\/\/skarr.de\/wordpress\/wp-content\/uploads\/2019\/11\/addis_meskel_panorama.jpg 4161w, http:\/\/skarr.de\/wordpress\/wp-content\/uploads\/2019\/11\/addis_meskel_panorama-300x61.jpg 300w, http:\/\/skarr.de\/wordpress\/wp-content\/uploads\/2019\/11\/addis_meskel_panorama-768x156.jpg 768w, http:\/\/skarr.de\/wordpress\/wp-content\/uploads\/2019\/11\/addis_meskel_panorama-1024x208.jpg 1024w\" sizes=\"(max-width: 4161px) 100vw, 4161px\" \/><\/a><a href=\"http:\/\/skarr.de\/wordpress\/wp-content\/uploads\/2019\/11\/addis_sonnenschirme.jpg\" rel=\"lightbox[3404]\"><img decoding=\"async\" loading=\"lazy\" class=\"aligncenter size-full wp-image-3414\" src=\"http:\/\/skarr.de\/wordpress\/wp-content\/uploads\/2019\/11\/addis_sonnenschirme.jpg\" alt=\"\" width=\"1444\" height=\"964\" srcset=\"http:\/\/skarr.de\/wordpress\/wp-content\/uploads\/2019\/11\/addis_sonnenschirme.jpg 1444w, http:\/\/skarr.de\/wordpress\/wp-content\/uploads\/2019\/11\/addis_sonnenschirme-300x200.jpg 300w, http:\/\/skarr.de\/wordpress\/wp-content\/uploads\/2019\/11\/addis_sonnenschirme-768x513.jpg 768w, http:\/\/skarr.de\/wordpress\/wp-content\/uploads\/2019\/11\/addis_sonnenschirme-1024x684.jpg 1024w\" sizes=\"(max-width: 1444px) 100vw, 1444px\" \/><\/a><a href=\"http:\/\/skarr.de\/wordpress\/wp-content\/uploads\/2019\/11\/addis_lionofjudah.jpg\" rel=\"lightbox[3404]\"><img decoding=\"async\" loading=\"lazy\" class=\"aligncenter size-full wp-image-3430\" src=\"http:\/\/skarr.de\/wordpress\/wp-content\/uploads\/2019\/11\/addis_lionofjudah.jpg\" alt=\"\" width=\"1344\" height=\"896\" srcset=\"http:\/\/skarr.de\/wordpress\/wp-content\/uploads\/2019\/11\/addis_lionofjudah.jpg 1344w, http:\/\/skarr.de\/wordpress\/wp-content\/uploads\/2019\/11\/addis_lionofjudah-300x200.jpg 300w, http:\/\/skarr.de\/wordpress\/wp-content\/uploads\/2019\/11\/addis_lionofjudah-768x512.jpg 768w, http:\/\/skarr.de\/wordpress\/wp-content\/uploads\/2019\/11\/addis_lionofjudah-1024x683.jpg 1024w\" sizes=\"(max-width: 1344px) 100vw, 1344px\" \/><\/a><a href=\"http:\/\/skarr.de\/wordpress\/wp-content\/uploads\/2019\/11\/addis_strassenverkauf.jpg\" rel=\"lightbox[3404]\"><img decoding=\"async\" loading=\"lazy\" class=\"aligncenter size-full wp-image-3417\" src=\"http:\/\/skarr.de\/wordpress\/wp-content\/uploads\/2019\/11\/addis_strassenverkauf.jpg\" alt=\"\" width=\"1444\" height=\"964\" srcset=\"http:\/\/skarr.de\/wordpress\/wp-content\/uploads\/2019\/11\/addis_strassenverkauf.jpg 1444w, http:\/\/skarr.de\/wordpress\/wp-content\/uploads\/2019\/11\/addis_strassenverkauf-300x200.jpg 300w, http:\/\/skarr.de\/wordpress\/wp-content\/uploads\/2019\/11\/addis_strassenverkauf-768x513.jpg 768w, http:\/\/skarr.de\/wordpress\/wp-content\/uploads\/2019\/11\/addis_strassenverkauf-1024x684.jpg 1024w\" sizes=\"(max-width: 1444px) 100vw, 1444px\" \/><\/a>Ein Gewirr aus Asphaltstra\u00dfen und Schotterwegen, die oft unvermittelt ineinander \u00fcbergehen. Autos schieben sich schrittweise voran, wo zwei Spuren eingezeichnet sind, haben locker drei Reihen Fahrzeuge Platz. Dazwischen Stra\u00dfenh\u00e4ndler und Bettler, die ihrem Tagwerk nachgehen. Jeder Zentimeter wird genutzt. Auf einer Hochtrasse gleitet die Stra\u00dfenbahn \u00fcber den Stau hinweg, vollgestopft mit Passagieren. Darunter sitzt ein mobiler Buchh\u00e4ndler neben seinem fast zwei Meter hohen Stapel B\u00fccher, auch das neueste des Pr\u00e4sidenten Abiy Ahmed ist dabei. Ein Schuhputzer wartet auf Kundschaft und junge M\u00e4nner versuchen, Fahrg\u00e4ste f\u00fcr ihre Busgesellschaften zu finden.<\/p>\n<p><a href=\"http:\/\/skarr.de\/wordpress\/wp-content\/uploads\/2019\/11\/addis_taxisundhochbahn.jpg\" rel=\"lightbox[3404]\"><img decoding=\"async\" loading=\"lazy\" class=\"aligncenter size-full wp-image-3421\" src=\"http:\/\/skarr.de\/wordpress\/wp-content\/uploads\/2019\/11\/addis_taxisundhochbahn.jpg\" alt=\"\" width=\"935\" height=\"1403\" srcset=\"http:\/\/skarr.de\/wordpress\/wp-content\/uploads\/2019\/11\/addis_taxisundhochbahn.jpg 935w, http:\/\/skarr.de\/wordpress\/wp-content\/uploads\/2019\/11\/addis_taxisundhochbahn-200x300.jpg 200w, http:\/\/skarr.de\/wordpress\/wp-content\/uploads\/2019\/11\/addis_taxisundhochbahn-768x1152.jpg 768w, http:\/\/skarr.de\/wordpress\/wp-content\/uploads\/2019\/11\/addis_taxisundhochbahn-682x1024.jpg 682w\" sizes=\"(max-width: 935px) 100vw, 935px\" \/><\/a><a href=\"http:\/\/skarr.de\/wordpress\/wp-content\/uploads\/2019\/11\/addis_strassenverkaeufer.jpg\" rel=\"lightbox[3404]\"><img decoding=\"async\" loading=\"lazy\" class=\"aligncenter size-full wp-image-3416\" src=\"http:\/\/skarr.de\/wordpress\/wp-content\/uploads\/2019\/11\/addis_strassenverkaeufer.jpg\" alt=\"\" width=\"964\" height=\"1444\" srcset=\"http:\/\/skarr.de\/wordpress\/wp-content\/uploads\/2019\/11\/addis_strassenverkaeufer.jpg 964w, http:\/\/skarr.de\/wordpress\/wp-content\/uploads\/2019\/11\/addis_strassenverkaeufer-200x300.jpg 200w, http:\/\/skarr.de\/wordpress\/wp-content\/uploads\/2019\/11\/addis_strassenverkaeufer-768x1150.jpg 768w, http:\/\/skarr.de\/wordpress\/wp-content\/uploads\/2019\/11\/addis_strassenverkaeufer-684x1024.jpg 684w\" sizes=\"(max-width: 964px) 100vw, 964px\" \/><\/a><a href=\"http:\/\/skarr.de\/wordpress\/wp-content\/uploads\/2019\/11\/addis_reaggaebus.jpg\" rel=\"lightbox[3404]\"><img decoding=\"async\" loading=\"lazy\" class=\"aligncenter size-full wp-image-3411\" src=\"http:\/\/skarr.de\/wordpress\/wp-content\/uploads\/2019\/11\/addis_reaggaebus.jpg\" alt=\"\" width=\"1444\" height=\"964\" srcset=\"http:\/\/skarr.de\/wordpress\/wp-content\/uploads\/2019\/11\/addis_reaggaebus.jpg 1444w, http:\/\/skarr.de\/wordpress\/wp-content\/uploads\/2019\/11\/addis_reaggaebus-300x200.jpg 300w, http:\/\/skarr.de\/wordpress\/wp-content\/uploads\/2019\/11\/addis_reaggaebus-768x513.jpg 768w, http:\/\/skarr.de\/wordpress\/wp-content\/uploads\/2019\/11\/addis_reaggaebus-1024x684.jpg 1024w\" sizes=\"(max-width: 1444px) 100vw, 1444px\" \/><\/a><a href=\"http:\/\/skarr.de\/wordpress\/wp-content\/uploads\/2019\/11\/addis_warten.jpg\" rel=\"lightbox[3404]\"><img decoding=\"async\" loading=\"lazy\" class=\"aligncenter size-full wp-image-3422\" src=\"http:\/\/skarr.de\/wordpress\/wp-content\/uploads\/2019\/11\/addis_warten.jpg\" alt=\"\" width=\"921\" height=\"1380\" srcset=\"http:\/\/skarr.de\/wordpress\/wp-content\/uploads\/2019\/11\/addis_warten.jpg 921w, http:\/\/skarr.de\/wordpress\/wp-content\/uploads\/2019\/11\/addis_warten-200x300.jpg 200w, http:\/\/skarr.de\/wordpress\/wp-content\/uploads\/2019\/11\/addis_warten-768x1151.jpg 768w, http:\/\/skarr.de\/wordpress\/wp-content\/uploads\/2019\/11\/addis_warten-683x1024.jpg 683w\" sizes=\"(max-width: 921px) 100vw, 921px\" \/><\/a><a href=\"http:\/\/skarr.de\/wordpress\/wp-content\/uploads\/2019\/11\/addis_waschgelegenheit.jpg\" rel=\"lightbox[3404]\"><img decoding=\"async\" loading=\"lazy\" class=\"aligncenter size-full wp-image-3423\" src=\"http:\/\/skarr.de\/wordpress\/wp-content\/uploads\/2019\/11\/addis_waschgelegenheit.jpg\" alt=\"\" width=\"964\" height=\"1444\" srcset=\"http:\/\/skarr.de\/wordpress\/wp-content\/uploads\/2019\/11\/addis_waschgelegenheit.jpg 964w, http:\/\/skarr.de\/wordpress\/wp-content\/uploads\/2019\/11\/addis_waschgelegenheit-200x300.jpg 200w, http:\/\/skarr.de\/wordpress\/wp-content\/uploads\/2019\/11\/addis_waschgelegenheit-768x1150.jpg 768w, http:\/\/skarr.de\/wordpress\/wp-content\/uploads\/2019\/11\/addis_waschgelegenheit-684x1024.jpg 684w\" sizes=\"(max-width: 964px) 100vw, 964px\" \/><\/a><a href=\"http:\/\/skarr.de\/wordpress\/wp-content\/uploads\/2019\/11\/addis_busbahnhof.jpg\" rel=\"lightbox[3404]\"><img decoding=\"async\" loading=\"lazy\" class=\"aligncenter size-full wp-image-3428\" src=\"http:\/\/skarr.de\/wordpress\/wp-content\/uploads\/2019\/11\/addis_busbahnhof.jpg\" alt=\"\" width=\"1444\" height=\"964\" srcset=\"http:\/\/skarr.de\/wordpress\/wp-content\/uploads\/2019\/11\/addis_busbahnhof.jpg 1444w, http:\/\/skarr.de\/wordpress\/wp-content\/uploads\/2019\/11\/addis_busbahnhof-300x200.jpg 300w, http:\/\/skarr.de\/wordpress\/wp-content\/uploads\/2019\/11\/addis_busbahnhof-768x513.jpg 768w, http:\/\/skarr.de\/wordpress\/wp-content\/uploads\/2019\/11\/addis_busbahnhof-1024x684.jpg 1024w\" sizes=\"(max-width: 1444px) 100vw, 1444px\" \/><\/a>Hochh\u00e4user wachsen aus dem Boden, Betons\u00e4ulen strecken sich in den Himmel. Es wird geh\u00e4mmert und gemauert. Hier soll die Zukunft entstehen, auch mit Hilfe ausl\u00e4ndischer Firmen. Die offiziellen Geb\u00e4ude haben gr\u00f6\u00dftenteils schon bessere Tage gesehen. Fassaden br\u00f6ckeln vor sich hin. Im Laubengang am Nationaltheater lagern Obdachlose auf dem zerborstenen Boden. Wellblechh\u00fctten reihen sich in Seitenstra\u00dfen aneinander. Wohnungen, L\u00e4den, Souvenirst\u00e4nde. Kaffee- und Billardbuden voller M\u00e4nner, meist ist die Kellnerin \u00a0die einzige Frau im Laden. In den kleinen Gassen des Armenischen Viertels von Arat Kilo scheint alles etwas gem\u00e4chlicher zu laufen. Vor einem Caf\u00e9 spielen zwei junge M\u00e4nner Tischtennis. Addis ist ein Nebeneinander von alt und modern, formell und informell, Brachen und Parks, als h\u00e4tte ein Kind seinen Architekturbaukasten willk\u00fcrlich auf dem Boden verteilt. St\u00e4ndig bleibt das Auge an etwas neuem h\u00e4ngen.<\/p>\n<p><a href=\"http:\/\/skarr.de\/wordpress\/wp-content\/uploads\/2019\/11\/addis_neubau.jpg\" rel=\"lightbox[3404]\"><img decoding=\"async\" loading=\"lazy\" class=\"aligncenter size-full wp-image-3408\" src=\"http:\/\/skarr.de\/wordpress\/wp-content\/uploads\/2019\/11\/addis_neubau.jpg\" alt=\"\" width=\"954\" height=\"1431\" srcset=\"http:\/\/skarr.de\/wordpress\/wp-content\/uploads\/2019\/11\/addis_neubau.jpg 954w, http:\/\/skarr.de\/wordpress\/wp-content\/uploads\/2019\/11\/addis_neubau-200x300.jpg 200w, http:\/\/skarr.de\/wordpress\/wp-content\/uploads\/2019\/11\/addis_neubau-768x1152.jpg 768w, http:\/\/skarr.de\/wordpress\/wp-content\/uploads\/2019\/11\/addis_neubau-683x1024.jpg 683w\" sizes=\"(max-width: 954px) 100vw, 954px\" \/><\/a><a href=\"http:\/\/skarr.de\/wordpress\/wp-content\/uploads\/2019\/11\/addis_reaggaeshop.jpg\" rel=\"lightbox[3404]\"><img decoding=\"async\" loading=\"lazy\" class=\"aligncenter size-full wp-image-3412\" src=\"http:\/\/skarr.de\/wordpress\/wp-content\/uploads\/2019\/11\/addis_reaggaeshop.jpg\" alt=\"\" width=\"1329\" height=\"886\" srcset=\"http:\/\/skarr.de\/wordpress\/wp-content\/uploads\/2019\/11\/addis_reaggaeshop.jpg 1329w, http:\/\/skarr.de\/wordpress\/wp-content\/uploads\/2019\/11\/addis_reaggaeshop-300x200.jpg 300w, http:\/\/skarr.de\/wordpress\/wp-content\/uploads\/2019\/11\/addis_reaggaeshop-768x512.jpg 768w, http:\/\/skarr.de\/wordpress\/wp-content\/uploads\/2019\/11\/addis_reaggaeshop-1024x683.jpg 1024w\" sizes=\"(max-width: 1329px) 100vw, 1329px\" \/><\/a><a href=\"http:\/\/skarr.de\/wordpress\/wp-content\/uploads\/2019\/11\/addis_stuhlmuster.jpg\" rel=\"lightbox[3404]\"><img decoding=\"async\" loading=\"lazy\" class=\"aligncenter size-full wp-image-3418\" src=\"http:\/\/skarr.de\/wordpress\/wp-content\/uploads\/2019\/11\/addis_stuhlmuster.jpg\" alt=\"\" width=\"1444\" height=\"964\" srcset=\"http:\/\/skarr.de\/wordpress\/wp-content\/uploads\/2019\/11\/addis_stuhlmuster.jpg 1444w, http:\/\/skarr.de\/wordpress\/wp-content\/uploads\/2019\/11\/addis_stuhlmuster-300x200.jpg 300w, http:\/\/skarr.de\/wordpress\/wp-content\/uploads\/2019\/11\/addis_stuhlmuster-768x513.jpg 768w, http:\/\/skarr.de\/wordpress\/wp-content\/uploads\/2019\/11\/addis_stuhlmuster-1024x684.jpg 1024w\" sizes=\"(max-width: 1444px) 100vw, 1444px\" \/><\/a> <a href=\"http:\/\/skarr.de\/wordpress\/wp-content\/uploads\/2019\/11\/addis_shutterwork.jpg\" rel=\"lightbox[3404]\"><img decoding=\"async\" loading=\"lazy\" class=\"aligncenter size-full wp-image-3413\" src=\"http:\/\/skarr.de\/wordpress\/wp-content\/uploads\/2019\/11\/addis_shutterwork.jpg\" alt=\"\" width=\"964\" height=\"1444\" srcset=\"http:\/\/skarr.de\/wordpress\/wp-content\/uploads\/2019\/11\/addis_shutterwork.jpg 964w, http:\/\/skarr.de\/wordpress\/wp-content\/uploads\/2019\/11\/addis_shutterwork-200x300.jpg 200w, http:\/\/skarr.de\/wordpress\/wp-content\/uploads\/2019\/11\/addis_shutterwork-768x1150.jpg 768w, http:\/\/skarr.de\/wordpress\/wp-content\/uploads\/2019\/11\/addis_shutterwork-684x1024.jpg 684w\" sizes=\"(max-width: 964px) 100vw, 964px\" \/><\/a><a href=\"http:\/\/skarr.de\/wordpress\/wp-content\/uploads\/2019\/11\/addis_absperrband.jpg\" rel=\"lightbox[3404]\"><img decoding=\"async\" loading=\"lazy\" class=\"aligncenter size-full wp-image-3425\" src=\"http:\/\/skarr.de\/wordpress\/wp-content\/uploads\/2019\/11\/addis_absperrband.jpg\" alt=\"\" width=\"1422\" height=\"949\" srcset=\"http:\/\/skarr.de\/wordpress\/wp-content\/uploads\/2019\/11\/addis_absperrband.jpg 1422w, http:\/\/skarr.de\/wordpress\/wp-content\/uploads\/2019\/11\/addis_absperrband-300x200.jpg 300w, http:\/\/skarr.de\/wordpress\/wp-content\/uploads\/2019\/11\/addis_absperrband-768x513.jpg 768w, http:\/\/skarr.de\/wordpress\/wp-content\/uploads\/2019\/11\/addis_absperrband-1024x683.jpg 1024w\" sizes=\"(max-width: 1422px) 100vw, 1422px\" \/><\/a><a href=\"http:\/\/skarr.de\/wordpress\/wp-content\/uploads\/2019\/11\/addis_alterkaefer.jpg\" rel=\"lightbox[3404]\"><img decoding=\"async\" loading=\"lazy\" class=\"aligncenter size-full wp-image-3427\" src=\"http:\/\/skarr.de\/wordpress\/wp-content\/uploads\/2019\/11\/addis_alterkaefer.jpg\" alt=\"\" width=\"964\" height=\"1444\" srcset=\"http:\/\/skarr.de\/wordpress\/wp-content\/uploads\/2019\/11\/addis_alterkaefer.jpg 964w, http:\/\/skarr.de\/wordpress\/wp-content\/uploads\/2019\/11\/addis_alterkaefer-200x300.jpg 200w, http:\/\/skarr.de\/wordpress\/wp-content\/uploads\/2019\/11\/addis_alterkaefer-768x1150.jpg 768w, http:\/\/skarr.de\/wordpress\/wp-content\/uploads\/2019\/11\/addis_alterkaefer-684x1024.jpg 684w\" sizes=\"(max-width: 964px) 100vw, 964px\" \/><\/a> <a href=\"http:\/\/skarr.de\/wordpress\/wp-content\/uploads\/2019\/11\/addis_strassenszene.jpg\" rel=\"lightbox[3404]\"><img decoding=\"async\" loading=\"lazy\" class=\"aligncenter size-full wp-image-3415\" src=\"http:\/\/skarr.de\/wordpress\/wp-content\/uploads\/2019\/11\/addis_strassenszene.jpg\" alt=\"\" width=\"905\" height=\"1356\" srcset=\"http:\/\/skarr.de\/wordpress\/wp-content\/uploads\/2019\/11\/addis_strassenszene.jpg 905w, http:\/\/skarr.de\/wordpress\/wp-content\/uploads\/2019\/11\/addis_strassenszene-200x300.jpg 200w, http:\/\/skarr.de\/wordpress\/wp-content\/uploads\/2019\/11\/addis_strassenszene-768x1151.jpg 768w, http:\/\/skarr.de\/wordpress\/wp-content\/uploads\/2019\/11\/addis_strassenszene-683x1024.jpg 683w\" sizes=\"(max-width: 905px) 100vw, 905px\" \/><\/a>Das Taitu Hotel mit seinen alten fast schwarzen Holzb\u00f6den und einem Pianisten, der dem Nachmittag seinen Sound verleiht. Fr\u00fcher eines der ersten H\u00e4user am Platz und vor ein paar Jahren halb abgebrannt wird es heute besucht von einem Mix aus Addis\u2019 aufstrebender Mittelschicht, Expats, und Durchreisenden. Auf der Terrasse, unter einem Dach aus Rankenpflanzen, sitzen drei M\u00e4nner nebeneinander, jeder an seinem eigenen kleinen Tisch. Vor sich ein Laptop und eine Tasse Kaffe, in der Hand ein Mobiltelefon. Urbane Digitalarbeiter.<\/p>\n<p><a href=\"http:\/\/skarr.de\/wordpress\/wp-content\/uploads\/2019\/11\/addis_pause.jpg\" rel=\"lightbox[3404]\"><br \/>\n<\/a> <a href=\"http:\/\/skarr.de\/wordpress\/wp-content\/uploads\/2019\/11\/addis_taitu_palme.jpg\" rel=\"lightbox[3404]\"><img decoding=\"async\" loading=\"lazy\" class=\"aligncenter size-full wp-image-3419\" src=\"http:\/\/skarr.de\/wordpress\/wp-content\/uploads\/2019\/11\/addis_taitu_palme.jpg\" alt=\"\" width=\"964\" height=\"1444\" srcset=\"http:\/\/skarr.de\/wordpress\/wp-content\/uploads\/2019\/11\/addis_taitu_palme.jpg 964w, http:\/\/skarr.de\/wordpress\/wp-content\/uploads\/2019\/11\/addis_taitu_palme-200x300.jpg 200w, http:\/\/skarr.de\/wordpress\/wp-content\/uploads\/2019\/11\/addis_taitu_palme-768x1150.jpg 768w, http:\/\/skarr.de\/wordpress\/wp-content\/uploads\/2019\/11\/addis_taitu_palme-684x1024.jpg 684w\" sizes=\"(max-width: 964px) 100vw, 964px\" \/><\/a><a href=\"http:\/\/skarr.de\/wordpress\/wp-content\/uploads\/2019\/11\/addis_pause.jpg\" rel=\"lightbox[3404]\"><img decoding=\"async\" loading=\"lazy\" class=\"aligncenter size-full wp-image-3409\" src=\"http:\/\/skarr.de\/wordpress\/wp-content\/uploads\/2019\/11\/addis_pause.jpg\" alt=\"\" width=\"1362\" height=\"908\" srcset=\"http:\/\/skarr.de\/wordpress\/wp-content\/uploads\/2019\/11\/addis_pause.jpg 1362w, http:\/\/skarr.de\/wordpress\/wp-content\/uploads\/2019\/11\/addis_pause-300x200.jpg 300w, http:\/\/skarr.de\/wordpress\/wp-content\/uploads\/2019\/11\/addis_pause-768x512.jpg 768w, http:\/\/skarr.de\/wordpress\/wp-content\/uploads\/2019\/11\/addis_pause-1024x683.jpg 1024w\" sizes=\"(max-width: 1362px) 100vw, 1362px\" \/><\/a><a href=\"http:\/\/skarr.de\/wordpress\/wp-content\/uploads\/2019\/11\/addis_polizist.jpg\" rel=\"lightbox[3404]\"><img decoding=\"async\" loading=\"lazy\" class=\"aligncenter size-full wp-image-3410\" src=\"http:\/\/skarr.de\/wordpress\/wp-content\/uploads\/2019\/11\/addis_polizist.jpg\" alt=\"\" width=\"907\" height=\"1361\" srcset=\"http:\/\/skarr.de\/wordpress\/wp-content\/uploads\/2019\/11\/addis_polizist.jpg 907w, http:\/\/skarr.de\/wordpress\/wp-content\/uploads\/2019\/11\/addis_polizist-200x300.jpg 200w, http:\/\/skarr.de\/wordpress\/wp-content\/uploads\/2019\/11\/addis_polizist-768x1152.jpg 768w, http:\/\/skarr.de\/wordpress\/wp-content\/uploads\/2019\/11\/addis_polizist-682x1024.jpg 682w\" sizes=\"(max-width: 907px) 100vw, 907px\" \/><\/a> <a href=\"http:\/\/skarr.de\/wordpress\/wp-content\/uploads\/2019\/11\/addis_matratzen.jpg\" rel=\"lightbox[3404]\"><img decoding=\"async\" loading=\"lazy\" class=\"aligncenter size-full wp-image-3431\" src=\"http:\/\/skarr.de\/wordpress\/wp-content\/uploads\/2019\/11\/addis_matratzen.jpg\" alt=\"\" width=\"954\" height=\"1429\" srcset=\"http:\/\/skarr.de\/wordpress\/wp-content\/uploads\/2019\/11\/addis_matratzen.jpg 954w, http:\/\/skarr.de\/wordpress\/wp-content\/uploads\/2019\/11\/addis_matratzen-200x300.jpg 200w, http:\/\/skarr.de\/wordpress\/wp-content\/uploads\/2019\/11\/addis_matratzen-768x1150.jpg 768w, http:\/\/skarr.de\/wordpress\/wp-content\/uploads\/2019\/11\/addis_matratzen-684x1024.jpg 684w\" sizes=\"(max-width: 954px) 100vw, 954px\" \/><\/a><a href=\"http:\/\/skarr.de\/wordpress\/wp-content\/uploads\/2019\/11\/addis_taubedesbischofs.jpg\" rel=\"lightbox[3404]\"><img decoding=\"async\" loading=\"lazy\" class=\"aligncenter size-full wp-image-3420\" src=\"http:\/\/skarr.de\/wordpress\/wp-content\/uploads\/2019\/11\/addis_taubedesbischofs.jpg\" alt=\"\" width=\"841\" height=\"1259\" srcset=\"http:\/\/skarr.de\/wordpress\/wp-content\/uploads\/2019\/11\/addis_taubedesbischofs.jpg 841w, http:\/\/skarr.de\/wordpress\/wp-content\/uploads\/2019\/11\/addis_taubedesbischofs-200x300.jpg 200w, http:\/\/skarr.de\/wordpress\/wp-content\/uploads\/2019\/11\/addis_taubedesbischofs-768x1150.jpg 768w, http:\/\/skarr.de\/wordpress\/wp-content\/uploads\/2019\/11\/addis_taubedesbischofs-684x1024.jpg 684w\" sizes=\"(max-width: 841px) 100vw, 841px\" \/><\/a>Vom Entoto aus, einem Berg im Norden von Addis, wirkt die Stadt pl\u00f6tzlich weit weg. Die Stra\u00dfe windet sich bergan, Landwirtschaftsfl\u00e4chen, kleine Weiler und Eukalyptusw\u00e4lder wechseln sich ab. Ein ganz eigener Geruch nach Holz, Erde und Eukalyptus weht durch das Autofenster. Hinter einer Kurve pl\u00f6tzlich ein L\u00e4ufer auf der Stra\u00dfe, hoch aufgeschossen, sehnig, schon etwas \u00e4lter und wei\u00df. Auf seinem kahlgeschorenen Kopf balanciert er eine Wasserflasche, die trotz seines betr\u00e4chtlichen Tempos an ihrem Platz bleibt.<\/p>\n<p><a href=\"http:\/\/skarr.de\/wordpress\/wp-content\/uploads\/2019\/12\/addis_entoto.jpg\" rel=\"lightbox[3404]\"><img decoding=\"async\" loading=\"lazy\" class=\"aligncenter size-full wp-image-3451\" src=\"http:\/\/skarr.de\/wordpress\/wp-content\/uploads\/2019\/12\/addis_entoto.jpg\" alt=\"\" width=\"1383\" height=\"923\" srcset=\"http:\/\/skarr.de\/wordpress\/wp-content\/uploads\/2019\/12\/addis_entoto.jpg 1383w, http:\/\/skarr.de\/wordpress\/wp-content\/uploads\/2019\/12\/addis_entoto-300x200.jpg 300w, http:\/\/skarr.de\/wordpress\/wp-content\/uploads\/2019\/12\/addis_entoto-768x513.jpg 768w, http:\/\/skarr.de\/wordpress\/wp-content\/uploads\/2019\/12\/addis_entoto-1024x683.jpg 1024w\" sizes=\"(max-width: 1383px) 100vw, 1383px\" \/><\/a><a href=\"http:\/\/skarr.de\/wordpress\/wp-content\/uploads\/2019\/11\/addis_entoto_eukalyptus.jpg\" rel=\"lightbox[3404]\"><img decoding=\"async\" loading=\"lazy\" class=\"aligncenter size-full wp-image-3438\" src=\"http:\/\/skarr.de\/wordpress\/wp-content\/uploads\/2019\/11\/addis_entoto_eukalyptus.jpg\" alt=\"\" width=\"964\" height=\"1444\" srcset=\"http:\/\/skarr.de\/wordpress\/wp-content\/uploads\/2019\/11\/addis_entoto_eukalyptus.jpg 964w, http:\/\/skarr.de\/wordpress\/wp-content\/uploads\/2019\/11\/addis_entoto_eukalyptus-200x300.jpg 200w, http:\/\/skarr.de\/wordpress\/wp-content\/uploads\/2019\/11\/addis_entoto_eukalyptus-768x1150.jpg 768w, http:\/\/skarr.de\/wordpress\/wp-content\/uploads\/2019\/11\/addis_entoto_eukalyptus-684x1024.jpg 684w\" sizes=\"(max-width: 964px) 100vw, 964px\" \/><\/a><a href=\"http:\/\/skarr.de\/wordpress\/wp-content\/uploads\/2019\/11\/addis_entoto_grabstaetten.jpg\" rel=\"lightbox[3404]\"><img decoding=\"async\" loading=\"lazy\" class=\"aligncenter size-full wp-image-3442\" src=\"http:\/\/skarr.de\/wordpress\/wp-content\/uploads\/2019\/11\/addis_entoto_grabstaetten.jpg\" alt=\"\" width=\"1442\" height=\"961\" srcset=\"http:\/\/skarr.de\/wordpress\/wp-content\/uploads\/2019\/11\/addis_entoto_grabstaetten.jpg 1442w, http:\/\/skarr.de\/wordpress\/wp-content\/uploads\/2019\/11\/addis_entoto_grabstaetten-300x200.jpg 300w, http:\/\/skarr.de\/wordpress\/wp-content\/uploads\/2019\/11\/addis_entoto_grabstaetten-768x512.jpg 768w, http:\/\/skarr.de\/wordpress\/wp-content\/uploads\/2019\/11\/addis_entoto_grabstaetten-1024x682.jpg 1024w\" sizes=\"(max-width: 1442px) 100vw, 1442px\" \/><\/a><a href=\"http:\/\/skarr.de\/wordpress\/wp-content\/uploads\/2019\/11\/addis_entoto_palast.jpg\" rel=\"lightbox[3404]\"><img decoding=\"async\" loading=\"lazy\" class=\"aligncenter size-full wp-image-3443\" src=\"http:\/\/skarr.de\/wordpress\/wp-content\/uploads\/2019\/11\/addis_entoto_palast.jpg\" alt=\"\" width=\"961\" height=\"1441\" srcset=\"http:\/\/skarr.de\/wordpress\/wp-content\/uploads\/2019\/11\/addis_entoto_palast.jpg 961w, http:\/\/skarr.de\/wordpress\/wp-content\/uploads\/2019\/11\/addis_entoto_palast-200x300.jpg 200w, http:\/\/skarr.de\/wordpress\/wp-content\/uploads\/2019\/11\/addis_entoto_palast-768x1152.jpg 768w, http:\/\/skarr.de\/wordpress\/wp-content\/uploads\/2019\/11\/addis_entoto_palast-683x1024.jpg 683w\" sizes=\"(max-width: 961px) 100vw, 961px\" \/><\/a><a href=\"http:\/\/skarr.de\/wordpress\/wp-content\/uploads\/2019\/11\/addis_entoto_ashu.jpg\" rel=\"lightbox[3404]\"><img decoding=\"async\" loading=\"lazy\" class=\"aligncenter size-full wp-image-3440\" src=\"http:\/\/skarr.de\/wordpress\/wp-content\/uploads\/2019\/11\/addis_entoto_ashu.jpg\" alt=\"\" width=\"964\" height=\"1444\" srcset=\"http:\/\/skarr.de\/wordpress\/wp-content\/uploads\/2019\/11\/addis_entoto_ashu.jpg 964w, http:\/\/skarr.de\/wordpress\/wp-content\/uploads\/2019\/11\/addis_entoto_ashu-200x300.jpg 200w, http:\/\/skarr.de\/wordpress\/wp-content\/uploads\/2019\/11\/addis_entoto_ashu-768x1150.jpg 768w, http:\/\/skarr.de\/wordpress\/wp-content\/uploads\/2019\/11\/addis_entoto_ashu-684x1024.jpg 684w\" sizes=\"(max-width: 964px) 100vw, 964px\" \/><\/a>Der Weg zur\u00fcck ins Stadtzentrum f\u00fchrt an Z\u00e4unen aus Wellblech vorbei, an denen manchmal Spindeln h\u00e4ngen. Hinter Durchg\u00e4ngen im Zaun stehen kleine Lehmh\u00fctten.\u00a0\u201eHier werden traditionelle \u00e4thiopische Schals und Stoffe hergestellt. Shemmas und Gebbis.\u201c, sagt Ashu, h\u00e4lt an, steigt aus dem Auto und redet kurz mit einer Frau, die vor einem kleinen Tor sitzt.\u00a0\u201eKommt, ich habe grade gefragt, ihr k\u00f6nnt euch das mal anschauen\u201c.<\/p>\n<p>In der H\u00fctte m\u00fcssen sich unsere Augen erst an die Dunkelheit gew\u00f6hnen. Hinter einem kleinen Raum \u2013 gleichzeitig K\u00fcche, Wohn- und Schlafzimmer \u2013 liegt die Werkstatt. Sie ist fast vollst\u00e4ndig mit zwei Webst\u00fchlen gef\u00fcllt, Kettf\u00e4den ziehen sich durch den Raum. In einer Ecke liegt rohe Wolle, daneben eine kleine Spindel, an den W\u00e4nden h\u00e4ngen Arbeitsutensilien und Heiligenbildchen. Das rhythmische Rattern des Webstuhls als Hintergrundger\u00e4usch. Weben ist hier M\u00e4nnerarbeit, die Frauen reinigen die Wolle und spinnen sie zu feinem Garn.<\/p>\n<p><a href=\"http:\/\/skarr.de\/wordpress\/wp-content\/uploads\/2019\/11\/addis_weber1.jpg\" rel=\"lightbox[3404]\"><img decoding=\"async\" loading=\"lazy\" class=\"aligncenter size-full wp-image-3424\" src=\"http:\/\/skarr.de\/wordpress\/wp-content\/uploads\/2019\/11\/addis_weber1.jpg\" alt=\"\" width=\"1444\" height=\"964\" srcset=\"http:\/\/skarr.de\/wordpress\/wp-content\/uploads\/2019\/11\/addis_weber1.jpg 1444w, http:\/\/skarr.de\/wordpress\/wp-content\/uploads\/2019\/11\/addis_weber1-300x200.jpg 300w, http:\/\/skarr.de\/wordpress\/wp-content\/uploads\/2019\/11\/addis_weber1-768x513.jpg 768w, http:\/\/skarr.de\/wordpress\/wp-content\/uploads\/2019\/11\/addis_weber1-1024x684.jpg 1024w\" sizes=\"(max-width: 1444px) 100vw, 1444px\" \/><\/a><a href=\"http:\/\/skarr.de\/wordpress\/wp-content\/uploads\/2019\/11\/addis_webfaeden.jpg\" rel=\"lightbox[3404]\"><img decoding=\"async\" loading=\"lazy\" class=\"aligncenter size-full wp-image-3444\" src=\"http:\/\/skarr.de\/wordpress\/wp-content\/uploads\/2019\/11\/addis_webfaeden.jpg\" alt=\"\" width=\"1444\" height=\"964\" srcset=\"http:\/\/skarr.de\/wordpress\/wp-content\/uploads\/2019\/11\/addis_webfaeden.jpg 1444w, http:\/\/skarr.de\/wordpress\/wp-content\/uploads\/2019\/11\/addis_webfaeden-300x200.jpg 300w, http:\/\/skarr.de\/wordpress\/wp-content\/uploads\/2019\/11\/addis_webfaeden-768x513.jpg 768w, http:\/\/skarr.de\/wordpress\/wp-content\/uploads\/2019\/11\/addis_webfaeden-1024x684.jpg 1024w\" sizes=\"(max-width: 1444px) 100vw, 1444px\" \/><\/a><a href=\"http:\/\/skarr.de\/wordpress\/wp-content\/uploads\/2019\/11\/addis_weber2.jpg\" rel=\"lightbox[3404]\"><img decoding=\"async\" loading=\"lazy\" class=\"aligncenter size-full wp-image-3446\" src=\"http:\/\/skarr.de\/wordpress\/wp-content\/uploads\/2019\/11\/addis_weber2.jpg\" alt=\"\" width=\"944\" height=\"1416\" srcset=\"http:\/\/skarr.de\/wordpress\/wp-content\/uploads\/2019\/11\/addis_weber2.jpg 944w, http:\/\/skarr.de\/wordpress\/wp-content\/uploads\/2019\/11\/addis_weber2-200x300.jpg 200w, http:\/\/skarr.de\/wordpress\/wp-content\/uploads\/2019\/11\/addis_weber2-768x1152.jpg 768w, http:\/\/skarr.de\/wordpress\/wp-content\/uploads\/2019\/11\/addis_weber2-683x1024.jpg 683w\" sizes=\"(max-width: 944px) 100vw, 944px\" \/><\/a>Nur ged\u00e4mpft klingt das Rauschen des Verkehrs durch die B\u00e4ume und B\u00fcsche der Parkanlage des Ghion Hotels. V\u00f6gel zwitschern und die Bl\u00e4tter rascheln, wenn ein Windhauch durch die \u00c4ste streicht. Ab und zu wird die Ruhe kurz unterbrochen, Musik schallt von einer B\u00fchne her\u00fcber. Soundcheck f\u00fcr ein gro\u00dfes Open-Air-Konzert am Wochenende. Musik gibts in einem Rundbau neben dem Ghion-Hotel aber auch jeden Donnerstag und Freitag: im Mulatu Astatke African Jazz Village.<\/p>\n<p><a href=\"http:\/\/skarr.de\/wordpress\/wp-content\/uploads\/2019\/11\/addis_africanjazzvillage.jpg\" rel=\"lightbox[3404]\"><img decoding=\"async\" loading=\"lazy\" class=\"aligncenter size-full wp-image-3426\" src=\"http:\/\/skarr.de\/wordpress\/wp-content\/uploads\/2019\/11\/addis_africanjazzvillage.jpg\" alt=\"\" width=\"863\" height=\"1292\" srcset=\"http:\/\/skarr.de\/wordpress\/wp-content\/uploads\/2019\/11\/addis_africanjazzvillage.jpg 863w, http:\/\/skarr.de\/wordpress\/wp-content\/uploads\/2019\/11\/addis_africanjazzvillage-200x300.jpg 200w, http:\/\/skarr.de\/wordpress\/wp-content\/uploads\/2019\/11\/addis_africanjazzvillage-768x1150.jpg 768w, http:\/\/skarr.de\/wordpress\/wp-content\/uploads\/2019\/11\/addis_africanjazzvillage-684x1024.jpg 684w\" sizes=\"(max-width: 863px) 100vw, 863px\" \/><\/a><a href=\"http:\/\/skarr.de\/wordpress\/wp-content\/uploads\/2019\/12\/addis_africanjazzvillage_2.jpg\" rel=\"lightbox[3404]\"><img decoding=\"async\" loading=\"lazy\" class=\"aligncenter size-full wp-image-3462\" src=\"http:\/\/skarr.de\/wordpress\/wp-content\/uploads\/2019\/12\/addis_africanjazzvillage_2.jpg\" alt=\"\" width=\"1417\" height=\"1417\" srcset=\"http:\/\/skarr.de\/wordpress\/wp-content\/uploads\/2019\/12\/addis_africanjazzvillage_2.jpg 1417w, http:\/\/skarr.de\/wordpress\/wp-content\/uploads\/2019\/12\/addis_africanjazzvillage_2-150x150.jpg 150w, http:\/\/skarr.de\/wordpress\/wp-content\/uploads\/2019\/12\/addis_africanjazzvillage_2-300x300.jpg 300w, http:\/\/skarr.de\/wordpress\/wp-content\/uploads\/2019\/12\/addis_africanjazzvillage_2-768x768.jpg 768w, http:\/\/skarr.de\/wordpress\/wp-content\/uploads\/2019\/12\/addis_africanjazzvillage_2-1024x1024.jpg 1024w\" sizes=\"(max-width: 1417px) 100vw, 1417px\" \/><\/a><a href=\"http:\/\/skarr.de\/wordpress\/wp-content\/uploads\/2019\/12\/addis_africanjazzvillage_3.jpg\" rel=\"lightbox[3404]\"><img decoding=\"async\" loading=\"lazy\" class=\"aligncenter size-full wp-image-3463\" src=\"http:\/\/skarr.de\/wordpress\/wp-content\/uploads\/2019\/12\/addis_africanjazzvillage_3.jpg\" alt=\"\" width=\"1417\" height=\"1417\" srcset=\"http:\/\/skarr.de\/wordpress\/wp-content\/uploads\/2019\/12\/addis_africanjazzvillage_3.jpg 1417w, http:\/\/skarr.de\/wordpress\/wp-content\/uploads\/2019\/12\/addis_africanjazzvillage_3-150x150.jpg 150w, http:\/\/skarr.de\/wordpress\/wp-content\/uploads\/2019\/12\/addis_africanjazzvillage_3-300x300.jpg 300w, http:\/\/skarr.de\/wordpress\/wp-content\/uploads\/2019\/12\/addis_africanjazzvillage_3-768x768.jpg 768w, http:\/\/skarr.de\/wordpress\/wp-content\/uploads\/2019\/12\/addis_africanjazzvillage_3-1024x1024.jpg 1024w\" sizes=\"(max-width: 1417px) 100vw, 1417px\" \/><\/a>Die letzten beiden Fotos hat Katja Hahn gemacht.<\/p>\n","protected":false},"excerpt":{"rendered":"<p>Glei\u00dfendes Morgenlicht. Eine Brachfl\u00e4che vor dem Eingang unseres Guesthouses, auf der sich staubige Pflanzen der Trockenheit widersetzen. Dahinter ein Zaun, an dem eine kleine Wellblechh\u00fctte steht. Im dunklen T\u00fcrrahmen glitzert es kurz. Dann tritt eine Frau in einem roten Paillettenkleid &hellip; <a href=\"http:\/\/skarr.de\/?p=3404\">Weiterlesen <span class=\"meta-nav\">&rarr;<\/span><\/a><\/p>\n","protected":false},"author":1,"featured_media":0,"comment_status":"closed","ping_status":"closed","sticky":false,"template":"","format":"standard","meta":[],"categories":[4],"tags":[],"_links":{"self":[{"href":"http:\/\/skarr.de\/index.php?rest_route=\/wp\/v2\/posts\/3404"}],"collection":[{"href":"http:\/\/skarr.de\/index.php?rest_route=\/wp\/v2\/posts"}],"about":[{"href":"http:\/\/skarr.de\/index.php?rest_route=\/wp\/v2\/types\/post"}],"author":[{"embeddable":true,"href":"http:\/\/skarr.de\/index.php?rest_route=\/wp\/v2\/users\/1"}],"replies":[{"embeddable":true,"href":"http:\/\/skarr.de\/index.php?rest_route=%2Fwp%2Fv2%2Fcomments&post=3404"}],"version-history":[{"count":27,"href":"http:\/\/skarr.de\/index.php?rest_route=\/wp\/v2\/posts\/3404\/revisions"}],"predecessor-version":[{"id":3468,"href":"http:\/\/skarr.de\/index.php?rest_route=\/wp\/v2\/posts\/3404\/revisions\/3468"}],"wp:attachment":[{"href":"http:\/\/skarr.de\/index.php?rest_route=%2Fwp%2Fv2%2Fmedia&parent=3404"}],"wp:term":[{"taxonomy":"category","embeddable":true,"href":"http:\/\/skarr.de\/index.php?rest_route=%2Fwp%2Fv2%2Fcategories&post=3404"},{"taxonomy":"post_tag","embeddable":true,"href":"http:\/\/skarr.de\/index.php?rest_route=%2Fwp%2Fv2%2Ftags&post=3404"}],"curies":[{"name":"wp","href":"https:\/\/api.w.org\/{rel}","templated":true}]}}