{"id":3377,"date":"2018-09-01T11:17:45","date_gmt":"2018-09-01T09:17:45","guid":{"rendered":"http:\/\/skarr.de\/?p=3377"},"modified":"2019-09-07T11:29:38","modified_gmt":"2019-09-07T09:29:38","slug":"winterschlaf","status":"publish","type":"post","link":"http:\/\/skarr.de\/?p=3377","title":{"rendered":"winterschlaf"},"content":{"rendered":"<p><a href=\"http:\/\/skarr.de\/wordpress\/wp-content\/uploads\/2019\/09\/winterschlaf_einladung.jpg\" rel=\"lightbox[3377]\"><img decoding=\"async\" loading=\"lazy\" class=\"aligncenter size-full wp-image-3379\" src=\"http:\/\/skarr.de\/wordpress\/wp-content\/uploads\/2019\/09\/winterschlaf_einladung.jpg\" alt=\"\" width=\"1748\" height=\"1240\" srcset=\"http:\/\/skarr.de\/wordpress\/wp-content\/uploads\/2019\/09\/winterschlaf_einladung.jpg 1748w, http:\/\/skarr.de\/wordpress\/wp-content\/uploads\/2019\/09\/winterschlaf_einladung-300x213.jpg 300w, http:\/\/skarr.de\/wordpress\/wp-content\/uploads\/2019\/09\/winterschlaf_einladung-768x545.jpg 768w, http:\/\/skarr.de\/wordpress\/wp-content\/uploads\/2019\/09\/winterschlaf_einladung-1024x726.jpg 1024w\" sizes=\"(max-width: 1748px) 100vw, 1748px\" \/><\/a><\/p>\n<div class=\"\">Vor einigen Jahren lief ich im sp\u00e4ten Herbst \u00fcber den Maximiliansplatz und sah, dass der Wittelsbacher Brunnen mit Holz verkleidet wurde. Zuerst dachte ich, dass es wohl eine B\u00fchne wird, f\u00fcr ein Theaterst\u00fcck oder Konzert vielleicht. Doch danach\u00a0<span class=\"\">fielen mir in der Stadt immer wieder Holzverkleidungen auf, und ich erfuhr, dass dort die M\u00fcnchner Brunnen Winterschlaf hielten. Mal komplett verh\u00fcllt wie in kleinen H\u00e4uschen, mal mit einer Abdeckung, die Teile des Brunnens sichtbar l\u00e4sst. Die Einzigartigkeit der Verkleidungen faszinierte mich \u2013 und dass die Brunnen, ihrer urspr\u00fcnglichen Aufgabe enthoben, so fast zu Skulpturen im \u00f6ffentlichen Raum werden. Also fing ich an, sie zu fotografieren: bei strahlendem Winterlicht,\u00a0wenn m\u00f6glich ohne Menschen.\u00a0<\/span><\/div>\n<div class=\"\"><span class=\"\" style=\"font-family: ArialMT;\">\u00a0<\/span><\/div>\n<div class=\"\"><span class=\"\">Dank der Unterst\u00fctzung des Baureferats, das f\u00fcr die Ein- und Aushausung der Brunnen und deren Instandhaltung zust\u00e4ndig ist, habe ich d<\/span><span class=\"\" style=\"font-family: ArialMT;\">iesen Herbst die M\u00f6glichkeit, einige dieser Bilder in der Ausstellung<\/span><span class=\"\">\u00a0<\/span><i class=\"\">Winterschlaf<\/i><span class=\"\">\u00a0zu zeigen<\/span><span class=\"\">.<\/span><span class=\"\">\u00a0Hier die Einzelheiten:<\/span><\/div>\n<div class=\"\"><span class=\"\" style=\"font-family: ArialMT;\">\u00a0<\/span><\/div>\n<div class=\"\"><strong><span class=\"\" style=\"font-family: ArialMT;\">Fotoausstellung <i class=\"\">Winterschlaf<\/i><\/span><\/strong><\/div>\n<div class=\"\"><strong><span class=\"\" style=\"font-family: ArialMT;\">24.9.\u201312.10.2018<\/span><\/strong><\/div>\n<div class=\"\"><strong><span class=\"\" style=\"font-family: ArialMT;\">\u00a0<\/span><\/strong><\/div>\n<div class=\"\"><strong><span class=\"\">Foyer des Technischen Rathauses in M\u00fcnchen (Baureferat)<\/span><\/strong><\/div>\n<div class=\"\"><strong><span class=\"\" style=\"font-family: ArialMT;\">Friedenstra\u00dfe 40<br class=\"\" \/>81660 M\u00fcnchen<\/span><\/strong><\/div>\n<div class=\"\"><span class=\"\" style=\"font-family: ArialMT;\">\u00a0<\/span><\/div>\n<div class=\"\"><span class=\"\" style=\"font-family: ArialMT;\"><b class=\"\">Die Ausstellungser\u00f6ffnung findet am 24.9.2018 von 18:00\u201320:00 Uhr statt.<\/b> <\/span><\/div>\n<div><\/div>\n<div><\/div>\n<div>Weitere Bilder gibt es hier:\u00a0<a href=\"http:\/\/stephanie-karrass.de\/portfolio\/winterschlaf\/\" target=\"_blank\" rel=\"noopener\">http:\/\/stephanie-karrass.de\/portfolio\/winterschlaf\/<\/a><\/div>\n","protected":false},"excerpt":{"rendered":"<p>Vor einigen Jahren lief ich im sp\u00e4ten Herbst \u00fcber den Maximiliansplatz und sah, dass der Wittelsbacher Brunnen mit Holz verkleidet wurde. Zuerst dachte ich, dass es wohl eine B\u00fchne wird, f\u00fcr ein Theaterst\u00fcck oder Konzert vielleicht. Doch danach\u00a0fielen mir in &hellip; <a href=\"http:\/\/skarr.de\/?p=3377\">Weiterlesen <span class=\"meta-nav\">&rarr;<\/span><\/a><\/p>\n","protected":false},"author":1,"featured_media":0,"comment_status":"closed","ping_status":"closed","sticky":false,"template":"","format":"standard","meta":[],"categories":[1,4],"tags":[],"_links":{"self":[{"href":"http:\/\/skarr.de\/index.php?rest_route=\/wp\/v2\/posts\/3377"}],"collection":[{"href":"http:\/\/skarr.de\/index.php?rest_route=\/wp\/v2\/posts"}],"about":[{"href":"http:\/\/skarr.de\/index.php?rest_route=\/wp\/v2\/types\/post"}],"author":[{"embeddable":true,"href":"http:\/\/skarr.de\/index.php?rest_route=\/wp\/v2\/users\/1"}],"replies":[{"embeddable":true,"href":"http:\/\/skarr.de\/index.php?rest_route=%2Fwp%2Fv2%2Fcomments&post=3377"}],"version-history":[{"count":7,"href":"http:\/\/skarr.de\/index.php?rest_route=\/wp\/v2\/posts\/3377\/revisions"}],"predecessor-version":[{"id":3384,"href":"http:\/\/skarr.de\/index.php?rest_route=\/wp\/v2\/posts\/3377\/revisions\/3384"}],"wp:attachment":[{"href":"http:\/\/skarr.de\/index.php?rest_route=%2Fwp%2Fv2%2Fmedia&parent=3377"}],"wp:term":[{"taxonomy":"category","embeddable":true,"href":"http:\/\/skarr.de\/index.php?rest_route=%2Fwp%2Fv2%2Fcategories&post=3377"},{"taxonomy":"post_tag","embeddable":true,"href":"http:\/\/skarr.de\/index.php?rest_route=%2Fwp%2Fv2%2Ftags&post=3377"}],"curies":[{"name":"wp","href":"https:\/\/api.w.org\/{rel}","templated":true}]}}