{"id":1882,"date":"2014-12-07T14:41:14","date_gmt":"2014-12-07T12:41:14","guid":{"rendered":"http:\/\/skarr.de\/?p=1882"},"modified":"2014-12-07T14:43:54","modified_gmt":"2014-12-07T12:43:54","slug":"siebenauf-gehts","status":"publish","type":"post","link":"http:\/\/skarr.de\/?p=1882","title":{"rendered":"sieben: los gehts!"},"content":{"rendered":"<p><a href=\"http:\/\/skarr.de\/wordpress\/wp-content\/uploads\/2014\/12\/hainich.jpg\" rel=\"lightbox[1882]\"><img decoding=\"async\" loading=\"lazy\" class=\"aligncenter size-full wp-image-1883\" title=\"hainich\" src=\"http:\/\/skarr.de\/wordpress\/wp-content\/uploads\/2014\/12\/hainich.jpg\" alt=\"\" width=\"899\" height=\"602\" srcset=\"http:\/\/skarr.de\/wordpress\/wp-content\/uploads\/2014\/12\/hainich.jpg 899w, http:\/\/skarr.de\/wordpress\/wp-content\/uploads\/2014\/12\/hainich-300x200.jpg 300w\" sizes=\"(max-width: 899px) 100vw, 899px\" \/><\/a><\/p>\n<p>Eine Besuchergruppe trifft sich, um den Baumkronenpfad im Nationalpark Hainich in Th\u00fcringen zu erkunden. Der Weg in den Wipfeln bietet einen beeindruckenden Ausblick \u00fcber das gr\u00f6\u00dfte zusammenh\u00e4ngende Laubwaldgebiet in Deutschland.<\/p>\n","protected":false},"excerpt":{"rendered":"<p>Eine Besuchergruppe trifft sich, um den Baumkronenpfad im Nationalpark Hainich in Th\u00fcringen zu erkunden. Der Weg in den Wipfeln bietet einen beeindruckenden Ausblick \u00fcber das gr\u00f6\u00dfte zusammenh\u00e4ngende Laubwaldgebiet in Deutschland.<\/p>\n","protected":false},"author":1,"featured_media":0,"comment_status":"closed","ping_status":"closed","sticky":false,"template":"","format":"standard","meta":[],"categories":[4],"tags":[],"_links":{"self":[{"href":"http:\/\/skarr.de\/index.php?rest_route=\/wp\/v2\/posts\/1882"}],"collection":[{"href":"http:\/\/skarr.de\/index.php?rest_route=\/wp\/v2\/posts"}],"about":[{"href":"http:\/\/skarr.de\/index.php?rest_route=\/wp\/v2\/types\/post"}],"author":[{"embeddable":true,"href":"http:\/\/skarr.de\/index.php?rest_route=\/wp\/v2\/users\/1"}],"replies":[{"embeddable":true,"href":"http:\/\/skarr.de\/index.php?rest_route=%2Fwp%2Fv2%2Fcomments&post=1882"}],"version-history":[{"count":10,"href":"http:\/\/skarr.de\/index.php?rest_route=\/wp\/v2\/posts\/1882\/revisions"}],"predecessor-version":[{"id":1893,"href":"http:\/\/skarr.de\/index.php?rest_route=\/wp\/v2\/posts\/1882\/revisions\/1893"}],"wp:attachment":[{"href":"http:\/\/skarr.de\/index.php?rest_route=%2Fwp%2Fv2%2Fmedia&parent=1882"}],"wp:term":[{"taxonomy":"category","embeddable":true,"href":"http:\/\/skarr.de\/index.php?rest_route=%2Fwp%2Fv2%2Fcategories&post=1882"},{"taxonomy":"post_tag","embeddable":true,"href":"http:\/\/skarr.de\/index.php?rest_route=%2Fwp%2Fv2%2Ftags&post=1882"}],"curies":[{"name":"wp","href":"https:\/\/api.w.org\/{rel}","templated":true}]}}