{"id":1837,"date":"2014-12-01T21:25:41","date_gmt":"2014-12-01T19:25:41","guid":{"rendered":"http:\/\/skarr.de\/?p=1837"},"modified":"2014-12-01T21:25:41","modified_gmt":"2014-12-01T19:25:41","slug":"eins-alpenlandischer-grusel","status":"publish","type":"post","link":"http:\/\/skarr.de\/?p=1837","title":{"rendered":"eins: alpenl\u00e4ndischer grusel"},"content":{"rendered":"<p><a href=\"http:\/\/skarr.de\/wordpress\/wp-content\/uploads\/2014\/12\/perchte_rauch.jpg\" rel=\"lightbox[1837]\"><img decoding=\"async\" loading=\"lazy\" class=\"aligncenter size-full wp-image-1838\" title=\"perchte_rauch\" src=\"http:\/\/skarr.de\/wordpress\/wp-content\/uploads\/2014\/12\/perchte_rauch.jpg\" alt=\"\" width=\"1179\" height=\"1766\" srcset=\"http:\/\/skarr.de\/wordpress\/wp-content\/uploads\/2014\/12\/perchte_rauch.jpg 1179w, http:\/\/skarr.de\/wordpress\/wp-content\/uploads\/2014\/12\/perchte_rauch-200x300.jpg 200w, http:\/\/skarr.de\/wordpress\/wp-content\/uploads\/2014\/12\/perchte_rauch-683x1024.jpg 683w\" sizes=\"(max-width: 1179px) 100vw, 1179px\" \/><\/a><\/p>\n<p>Die Raun\u00e4chte zwischen dem 21. Dezember und dem 6. Januar sollen eine verwunschene Zeit sein, in der die Grenze zwischen Menschen- und Geisterwelt besonders durchl\u00e4ssig zu sein scheint. Geister, D\u00e4monen und die Seelen der Verstorbenen treiben sich herum. Die Wilde Jagd st\u00fcrmt \u00fcbers Land. Und der Alpenraum wird von den Perchten heimgesucht &#8211; pelzigen Wesen mit\u00a0gruselig anmutenden Gesichtern, langen H\u00f6rnern und Gurten mit Glocken, die mit ihrem Klang den Winter vertreiben sollen. Aber auch in der Vorweihnachtszeit wandern die archaischen Gestalten umher, wie die <a href=\"http:\/\/www.bayerbacher-perchten.de\/ueber_uns.php\">Bayerbacher Perchten<\/a> am Wochenende in Bad Birnbach.<\/p>\n","protected":false},"excerpt":{"rendered":"<p>Die Raun\u00e4chte zwischen dem 21. Dezember und dem 6. Januar sollen eine verwunschene Zeit sein, in der die Grenze zwischen Menschen- und Geisterwelt besonders durchl\u00e4ssig zu sein scheint. Geister, D\u00e4monen und die Seelen der Verstorbenen treiben sich herum. Die Wilde &hellip; <a href=\"http:\/\/skarr.de\/?p=1837\">Weiterlesen <span class=\"meta-nav\">&rarr;<\/span><\/a><\/p>\n","protected":false},"author":1,"featured_media":0,"comment_status":"closed","ping_status":"closed","sticky":false,"template":"","format":"standard","meta":[],"categories":[4],"tags":[],"_links":{"self":[{"href":"http:\/\/skarr.de\/index.php?rest_route=\/wp\/v2\/posts\/1837"}],"collection":[{"href":"http:\/\/skarr.de\/index.php?rest_route=\/wp\/v2\/posts"}],"about":[{"href":"http:\/\/skarr.de\/index.php?rest_route=\/wp\/v2\/types\/post"}],"author":[{"embeddable":true,"href":"http:\/\/skarr.de\/index.php?rest_route=\/wp\/v2\/users\/1"}],"replies":[{"embeddable":true,"href":"http:\/\/skarr.de\/index.php?rest_route=%2Fwp%2Fv2%2Fcomments&post=1837"}],"version-history":[{"count":3,"href":"http:\/\/skarr.de\/index.php?rest_route=\/wp\/v2\/posts\/1837\/revisions"}],"predecessor-version":[{"id":1841,"href":"http:\/\/skarr.de\/index.php?rest_route=\/wp\/v2\/posts\/1837\/revisions\/1841"}],"wp:attachment":[{"href":"http:\/\/skarr.de\/index.php?rest_route=%2Fwp%2Fv2%2Fmedia&parent=1837"}],"wp:term":[{"taxonomy":"category","embeddable":true,"href":"http:\/\/skarr.de\/index.php?rest_route=%2Fwp%2Fv2%2Fcategories&post=1837"},{"taxonomy":"post_tag","embeddable":true,"href":"http:\/\/skarr.de\/index.php?rest_route=%2Fwp%2Fv2%2Ftags&post=1837"}],"curies":[{"name":"wp","href":"https:\/\/api.w.org\/{rel}","templated":true}]}}