{"id":1029,"date":"2012-08-06T13:34:54","date_gmt":"2012-08-06T11:34:54","guid":{"rendered":"http:\/\/skarr.de\/?p=1029"},"modified":"2012-09-25T11:50:16","modified_gmt":"2012-09-25T09:50:16","slug":"granatrot","status":"publish","type":"post","link":"http:\/\/skarr.de\/?p=1029","title":{"rendered":"granatrot &#8230;"},"content":{"rendered":"<p><a href=\"http:\/\/skarr.de\/wordpress\/wp-content\/uploads\/2012\/08\/mamapapa_granat_web.jpg\" rel=\"lightbox[1029]\"><img decoding=\"async\" loading=\"lazy\" class=\"aligncenter size-large wp-image-1031\" title=\"mamapapa_granat_web\" src=\"http:\/\/skarr.de\/wordpress\/wp-content\/uploads\/2012\/08\/mamapapa_granat_web-887x1024.jpg\" alt=\"\" width=\"640\" height=\"738\" srcset=\"http:\/\/skarr.de\/wordpress\/wp-content\/uploads\/2012\/08\/mamapapa_granat_web-887x1024.jpg 887w, http:\/\/skarr.de\/wordpress\/wp-content\/uploads\/2012\/08\/mamapapa_granat_web-259x300.jpg 259w, http:\/\/skarr.de\/wordpress\/wp-content\/uploads\/2012\/08\/mamapapa_granat_web.jpg 1310w\" sizes=\"(max-width: 640px) 100vw, 640px\" \/><\/a><\/p>\n<p>&nbsp;<\/p>\n<p>&#8230; ist die Farbe f\u00fcr den 40. Hochzeitstag. Meine Eltern haben es tats\u00e4chlich so lange miteinander ausgehalten. Daf\u00fcr habe ich ihnen eine Illustration f\u00fcr die Einladungskarten zur gro\u00dfen Party spendiert.<\/p>\n","protected":false},"excerpt":{"rendered":"<p>&nbsp; &#8230; ist die Farbe f\u00fcr den 40. Hochzeitstag. Meine Eltern haben es tats\u00e4chlich so lange miteinander ausgehalten. Daf\u00fcr habe ich ihnen eine Illustration f\u00fcr die Einladungskarten zur gro\u00dfen Party spendiert.<\/p>\n","protected":false},"author":1,"featured_media":0,"comment_status":"closed","ping_status":"open","sticky":false,"template":"","format":"standard","meta":[],"categories":[5],"tags":[],"_links":{"self":[{"href":"http:\/\/skarr.de\/index.php?rest_route=\/wp\/v2\/posts\/1029"}],"collection":[{"href":"http:\/\/skarr.de\/index.php?rest_route=\/wp\/v2\/posts"}],"about":[{"href":"http:\/\/skarr.de\/index.php?rest_route=\/wp\/v2\/types\/post"}],"author":[{"embeddable":true,"href":"http:\/\/skarr.de\/index.php?rest_route=\/wp\/v2\/users\/1"}],"replies":[{"embeddable":true,"href":"http:\/\/skarr.de\/index.php?rest_route=%2Fwp%2Fv2%2Fcomments&post=1029"}],"version-history":[{"count":3,"href":"http:\/\/skarr.de\/index.php?rest_route=\/wp\/v2\/posts\/1029\/revisions"}],"predecessor-version":[{"id":1033,"href":"http:\/\/skarr.de\/index.php?rest_route=\/wp\/v2\/posts\/1029\/revisions\/1033"}],"wp:attachment":[{"href":"http:\/\/skarr.de\/index.php?rest_route=%2Fwp%2Fv2%2Fmedia&parent=1029"}],"wp:term":[{"taxonomy":"category","embeddable":true,"href":"http:\/\/skarr.de\/index.php?rest_route=%2Fwp%2Fv2%2Fcategories&post=1029"},{"taxonomy":"post_tag","embeddable":true,"href":"http:\/\/skarr.de\/index.php?rest_route=%2Fwp%2Fv2%2Ftags&post=1029"}],"curies":[{"name":"wp","href":"https:\/\/api.w.org\/{rel}","templated":true}]}}